{"id":15343,"date":"2020-10-20T03:15:00","date_gmt":"2020-10-20T03:15:00","guid":{"rendered":"https:\/\/www.radiopresidenteibanez.cl\/web\/?p=15343"},"modified":"2020-10-19T17:17:52","modified_gmt":"2020-10-19T17:17:52","slug":"seremi-del-trabajo-destaca-nuevo-valor-historico-el-gramo-de-oro-de-la-tia-rica","status":"publish","type":"post","link":"https:\/\/www.radiopresidenteibanez.cl\/web\/seremi-del-trabajo-destaca-nuevo-valor-historico-el-gramo-de-oro-de-la-tia-rica\/","title":{"rendered":"SEREMI DEL TRABAJO DESTACA NUEVO VALOR HIST\u00d3RICO EL GRAMO DE ORO DE LA \u201cT\u00cdA RICA\u201d"},"content":{"rendered":"\n<p><em>Desde lunes 19 de octubre y hasta el 30 de noviembre pr\u00f3ximo, la Direcci\u00f3n General de Cr\u00e9dito Prendario (Dicrep) \u2013m\u00e1s conocida como la \u201cT\u00eda Rica\u201d- aumentar\u00e1 el gramo de oro a $13.500, en un nuevo incremento in\u00e9dito para la instituci\u00f3n que este a\u00f1o cumpli\u00f3 su centenario.<\/em><\/p>\n\n\n\n<p>La medida\nbeneficiar\u00e1 a nivel regional y nacional a quienes tomen nuevos cr\u00e9ditos en\nalhajas de oro de 18 quilates, seg\u00fan lo dio a conocer la Seremi del Trabajo,\nVictoria Cort\u00e9s, en conjunto con el administrador regional de la Dicrep\nMagallanes, Claudio Reyes.<\/p>\n\n\n\n<p>\u201cEste nuevo\naumento en el valor del gramo de oro \u2013que pasa de los actuales $12.500 a\n$13.500 por el gramo de oro- significa un nuevo esfuerzo hist\u00f3rico que realiza\nnuestra \u2018T\u00eda Rica\u2019 para beneficiar a sus \u2018sobrinos\u2019. Se trata de un valor\nin\u00e9dito que entrega la Dicrep y que, seguramente, representar\u00e1 una ayuda\nimportante en estos tiempos tan complejos que atravesamos como regi\u00f3n y pa\u00eds\u201d,\nse\u00f1al\u00f3 la secretaria regional.<\/p>\n\n\n\n<p>La autoridad\nrecord\u00f3 que, a pesar de estar en cuarentena, la sucursal de la Dicrep Punta\nArenas contin\u00faa con sus puertas abiertas y todas las medidas sanitarias para\nrecibir a los usuarios que requieran empe\u00f1ar alg\u00fan objeto o alhaja.<\/p>\n\n\n\n<p>\u201cComo ya hemos\ncomentado, nuestra instituci\u00f3n es una alternativa concreta y fiable de acceso a\ncr\u00e9ditos sociales sin discriminaci\u00f3n. Por lo mismo, estamos anunciando muy\norgullosos este nuevo aumento del gramo de oro. Quienes deseen acceder a un\ncr\u00e9dito, s\u00f3lo deben ser mayores de 18 a\u00f1os y presentar su c\u00e9dula de identidad\nvigente m\u00e1s su especie a empe\u00f1ar. A partir de hoy, lunes, las personas ya se\npueden acercar a la unidad y obtener un financiamiento mayor por su prenda\u201d,\nexplic\u00f3 el administrador regional.<\/p>\n\n\n\n<p>De\nesta forma, la instituci\u00f3n, presente en nuestro pa\u00eds desde hace 100 a\u00f1os,\nofrece este hist\u00f3rico incremento manteniendo las mismas condiciones que han\nhecho de Dicrep una alternativa oportuna y \u00e1gil de financiamiento, cumpliendo\nsu rol social entendiendo el fuerte impacto que ha significado la pandemia del\nCovid-19 en la comunidad y la necesidad de recursos para solventar sus\nnecesidades.<\/p>\n\n\n\n<p>A\nnivel nacional, la Dicrep entrega en tiempos normales cerca de 600 mil cr\u00e9ditos\nal a\u00f1o, por lo que, ante la actual situaci\u00f3n, las autoridades buscan llegar con\nesta informaci\u00f3n a toda la comunidad que pueda requerir de la instituci\u00f3n. <\/p>\n\n\n\n<p>La\nsucursal de Punta Arenas se encuentra ubicada en calle Lautaro Navarro N\u00b01024,\ncon horario de atenci\u00f3n de lunes a viernes, de 9:00 a 14:00 horas.<\/p>\n","protected":false},"excerpt":{"rendered":"<p>Desde lunes 19 de octubre y hasta el 30 de noviembre pr\u00f3ximo, la Direcci\u00f3n General de Cr\u00e9dito Prendario (Dicrep) \u2013m\u00e1s conocida como la \u201cT\u00eda Rica\u201d- aumentar\u00e1 el gramo de oro&#8230; <a class=\"read-more\" href=\"https:\/\/www.radiopresidenteibanez.cl\/web\/seremi-del-trabajo-destaca-nuevo-valor-historico-el-gramo-de-oro-de-la-tia-rica\/\">Leer m\u00e1s<\/a><\/p>\n","protected":false},"author":2,"featured_media":10712,"comment_status":"closed","ping_status":"closed","sticky":false,"template":"","format":"standard","meta":{"footnotes":""},"categories":[1],"tags":[],"class_list":["post-15343","post","type-post","status-publish","format-standard","has-post-thumbnail","hentry","category-cronica"],"_links":{"self":[{"href":"https:\/\/www.radiopresidenteibanez.cl\/web\/wp-json\/wp\/v2\/posts\/15343","targetHints":{"allow":["GET"]}}],"collection":[{"href":"https:\/\/www.radiopresidenteibanez.cl\/web\/wp-json\/wp\/v2\/posts"}],"about":[{"href":"https:\/\/www.radiopresidenteibanez.cl\/web\/wp-json\/wp\/v2\/types\/post"}],"author":[{"embeddable":true,"href":"https:\/\/www.radiopresidenteibanez.cl\/web\/wp-json\/wp\/v2\/users\/2"}],"replies":[{"embeddable":true,"href":"https:\/\/www.radiopresidenteibanez.cl\/web\/wp-json\/wp\/v2\/comments?post=15343"}],"version-history":[{"count":0,"href":"https:\/\/www.radiopresidenteibanez.cl\/web\/wp-json\/wp\/v2\/posts\/15343\/revisions"}],"wp:featuredmedia":[{"embeddable":true,"href":"https:\/\/www.radiopresidenteibanez.cl\/web\/wp-json\/wp\/v2\/media\/10712"}],"wp:attachment":[{"href":"https:\/\/www.radiopresidenteibanez.cl\/web\/wp-json\/wp\/v2\/media?parent=15343"}],"wp:term":[{"taxonomy":"category","embeddable":true,"href":"https:\/\/www.radiopresidenteibanez.cl\/web\/wp-json\/wp\/v2\/categories?post=15343"},{"taxonomy":"post_tag","embeddable":true,"href":"https:\/\/www.radiopresidenteibanez.cl\/web\/wp-json\/wp\/v2\/tags?post=15343"}],"curies":[{"name":"wp","href":"https:\/\/api.w.org\/{rel}","templated":true}]}}