{"id":15340,"date":"2020-10-20T03:13:14","date_gmt":"2020-10-20T03:13:14","guid":{"rendered":"https:\/\/www.radiopresidenteibanez.cl\/web\/?p=15340"},"modified":"2020-10-19T17:15:36","modified_gmt":"2020-10-19T17:15:36","slug":"fondo-presidente-de-la-republica-14-agrupaciones-beneficiadas","status":"publish","type":"post","link":"https:\/\/www.radiopresidenteibanez.cl\/web\/fondo-presidente-de-la-republica-14-agrupaciones-beneficiadas\/","title":{"rendered":"FONDO PRESIDENTE DE LA REP\u00daBLICA: 14 AGRUPACIONES BENEFICIADAS"},"content":{"rendered":"\n<p>14\n&nbsp;agrupaciones sociales pertenecientes a la comuna de Punta Arenas fueron\nlas beneficiadas con el Fondo Social Presidente de la Rep\u00fablica (Fondes), que\nentrega la Gobernaci\u00f3n Provincial de Magallanes, con la finalidad de financiar\nproyectos de car\u00e1cter social que contribuyan a apoyar y complementar&nbsp; las\npol\u00edticas de inversi\u00f3n social del gobierno. Esto junto a los 11 proyectos anteriores,\naceptados en el mes de&nbsp; septiembre, suman\n25 proyectos t\u00e9cnicamente aprobados, un n\u00famero alto y diverso de agrupaciones\nbeneficiadas.<\/p>\n\n\n\n<p>Fomentar y\nfortalecer el rol de las organizaciones sociales, financiando proyectos que\ncontribuyan a apoyar y complementar las pol\u00edticas de inversi\u00f3n social del\nestado, es el objetivo del Fondo Social Presidente de la Rep\u00fablica que entrega\nel Ministerio del Interior y Seguridad P\u00fablica.<\/p>\n\n\n\n<p>&nbsp;\u201cHemos recibido la excelente noticia respecto\ndel Fondo Social Presidente de la Rep\u00fablica, un total de 14 adjudicaciones, lo\nque cada una de estas organizaciones sociales va a recibir para mejorar sus\ncondiciones y, adem\u00e1s, la entrega de estos recursos , lleva impl\u00edcito un\nreconocimiento al trabajo que realizan estas entidades sociales, representa un\npremio al esfuerzo y dedicaci\u00f3n que realizan los dirigentes sociales por el\nbienestar de sus vecinos, destacando el importante rol que cumplen,\ncontribuyendo en el engrandecimiento de su comunidad, a trav\u00e9s de una labor\ncomprometida y desinteresada\u201d indic\u00f3 el Gobernador provincial, Homero Villegas\nN\u00fa\u00f1ez.<\/p>\n\n\n\n<p>El Fondes,\nposee diversas l\u00edneas de financiamiento, como el fomento a la vida comunitaria\ny creaci\u00f3n de capital social, prevenci\u00f3n y protecci\u00f3n civil ante emergencias y\ndesastres naturales, fomento productivo y acci\u00f3n social. El trabajo de la\ngobernaci\u00f3n informando y asesorando a dirigentes vecinales, es llevado a cabo\npor la Gestora territorial, Violeta Castillo y el Jefe de Gabinete, Rodolfo\nGuajardo.<\/p>\n\n\n\n<p>Las\norganizaciones favorecidas fueron: Consejo de Desarrollo local, Cecosf\n\u201cFortaleciendo Vidas\u201d, Club de Suboficiales en retiro de la FFAA \u201cBah\u00eda\nCatalina\u201d, Junta de vecinos \u201cVilla Torres del Paine\u201d, Colectivo de Artes\nMatices, Centro de monitores de turismo del Adulto Mayor, Comit\u00e9 de adelanto\n\u201cMar\u00eda Asunci\u00f3n Requena\u201d, Junta de vecinos \u201cLos sue\u00f1os del Andino\u201d, Agrupaci\u00f3n\npara la vivienda \u201cUni\u00f3n\u201d, Agrupaci\u00f3n de pensionados y montepiados \u201cUNAP\nMagallanes\u201d, Club de Adultos Mayores \u201cLos Diamantes del Barrio Prat\u201d, Club de\nancianos \u201cLuci\u00e9rnaga\u201d, Club de adulto mayor \u201cVilla Las Nieves\u201d, Centro de\nmadres \u201cEstrella Polar\u201d, Agrupaci\u00f3n vecinal \u201cLa Pincoya\u201d.<\/p>\n\n\n\n<p>Estas\norganizaciones recibir\u00e1n del gobernador Provincial los recursos del Ministerio\ndel Interior y Seguridad P\u00fablica, que permiten el financiamiento de proyectos\nde implementaci\u00f3n, equipamiento e infraestructura. Pronto se dar\u00e1 aviso de la\nrecepci\u00f3n de cheques por parte de los beneficiados.<\/p>\n","protected":false},"excerpt":{"rendered":"<p>14 &nbsp;agrupaciones sociales pertenecientes a la comuna de Punta Arenas fueron las beneficiadas con el Fondo Social Presidente de la Rep\u00fablica (Fondes), que entrega la Gobernaci\u00f3n Provincial de Magallanes, con&#8230; <a class=\"read-more\" href=\"https:\/\/www.radiopresidenteibanez.cl\/web\/fondo-presidente-de-la-republica-14-agrupaciones-beneficiadas\/\">Leer m\u00e1s<\/a><\/p>\n","protected":false},"author":2,"featured_media":15341,"comment_status":"closed","ping_status":"closed","sticky":false,"template":"","format":"standard","meta":{"footnotes":""},"categories":[1],"tags":[],"class_list":["post-15340","post","type-post","status-publish","format-standard","has-post-thumbnail","hentry","category-cronica"],"_links":{"self":[{"href":"https:\/\/www.radiopresidenteibanez.cl\/web\/wp-json\/wp\/v2\/posts\/15340","targetHints":{"allow":["GET"]}}],"collection":[{"href":"https:\/\/www.radiopresidenteibanez.cl\/web\/wp-json\/wp\/v2\/posts"}],"about":[{"href":"https:\/\/www.radiopresidenteibanez.cl\/web\/wp-json\/wp\/v2\/types\/post"}],"author":[{"embeddable":true,"href":"https:\/\/www.radiopresidenteibanez.cl\/web\/wp-json\/wp\/v2\/users\/2"}],"replies":[{"embeddable":true,"href":"https:\/\/www.radiopresidenteibanez.cl\/web\/wp-json\/wp\/v2\/comments?post=15340"}],"version-history":[{"count":0,"href":"https:\/\/www.radiopresidenteibanez.cl\/web\/wp-json\/wp\/v2\/posts\/15340\/revisions"}],"wp:featuredmedia":[{"embeddable":true,"href":"https:\/\/www.radiopresidenteibanez.cl\/web\/wp-json\/wp\/v2\/media\/15341"}],"wp:attachment":[{"href":"https:\/\/www.radiopresidenteibanez.cl\/web\/wp-json\/wp\/v2\/media?parent=15340"}],"wp:term":[{"taxonomy":"category","embeddable":true,"href":"https:\/\/www.radiopresidenteibanez.cl\/web\/wp-json\/wp\/v2\/categories?post=15340"},{"taxonomy":"post_tag","embeddable":true,"href":"https:\/\/www.radiopresidenteibanez.cl\/web\/wp-json\/wp\/v2\/tags?post=15340"}],"curies":[{"name":"wp","href":"https:\/\/api.w.org\/{rel}","templated":true}]}}