{"id":15334,"date":"2020-10-19T17:09:52","date_gmt":"2020-10-19T17:09:52","guid":{"rendered":"https:\/\/www.radiopresidenteibanez.cl\/web\/?p=15334"},"modified":"2020-10-19T17:09:57","modified_gmt":"2020-10-19T17:09:57","slug":"minvu-realizara-seminario-online-de-construccion-sustentable","status":"publish","type":"post","link":"https:\/\/www.radiopresidenteibanez.cl\/web\/minvu-realizara-seminario-online-de-construccion-sustentable\/","title":{"rendered":"MINVU REALIZAR\u00c1 SEMINARIO ONLINE DE CONSTRUCCI\u00d3N SUSTENTABLE"},"content":{"rendered":"\n<p>Con el fin de reflexionar sobre la ciudad y la construcci\u00f3n sustentable de esta, la Seremi de Vivienda y Urbanismo, junto a Serviu, realizar\u00e1n el III Seminario de Construcci\u00f3n Sustentable \u201cTiempo Nuevo en la Ciudad\u201d, este a\u00f1o en formato webinar, los d\u00edas martes 20 y mi\u00e9rcoles 21 de octubre, que ser\u00e1 transmitido en los fanpage de Facebook de Minvu Magallanes y Serviu Magallanes.<\/p>\n\n\n\n<p>Las exposiciones comenzar\u00e1n el martes 20 a las 14.30 horas, con la participaci\u00f3n del presidente de la Comisi\u00f3n Nacional Desarrollo Urbano y Premio Nacional de Urbanismo 2014, Sergio Beariswyl, quien expondr\u00e1 sobre \u201cPol\u00edticas Urbanas: una herramienta para construir mejores ciudades\u201d. En la jornada tambi\u00e9n estar\u00e1 el programa Quiero mi Barrio del Minvu, con experiencias de sustentabilidad social y participaci\u00f3n en el marco de la pandemia por Covid 19.<\/p>\n\n\n\n<p>El d\u00eda 21 se realizar\u00e1n dos jornadas, en la ma\u00f1ana, las charlas que comienzan a las 10 horas, est\u00e1n enfocadas en la construcci\u00f3n sustentable, con temas como certificaci\u00f3n de edificio sustentable, calificaci\u00f3n energ\u00e9tica de viviendas, certificaci\u00f3n de vivienda sustentable y los requerimientos de prioridad regional para la construcci\u00f3n sustentable.<\/p>\n\n\n\n<p>En la \u00faltima jornada, del mi\u00e9rcoles 21 desde las 14.30 horas estar\u00e1 la Corporaci\u00f3n Ciudades, se presentar\u00e1 la herramienta para la sustentabilidad Abaco, se conversar\u00e1 sobre econom\u00eda circular y sobre la evaluaci\u00f3n de Rentabilidad Social de la Construcci\u00f3n Sustentable.<\/p>\n\n\n\n<p>El seminario est\u00e1 dirigido en especial a personas ligadas al \u00e1mbito t\u00e9cnico de la construcci\u00f3n, sin embargo, la tem\u00e1tica relacionada con la ciudad, la pandemia del Covid 19 y la vida comunitaria, lo hace abierto para todo p\u00fablico.<\/p>\n\n\n\n<p>La actividad es enmarcada en el trabajo de la Comisi\u00f3n Regional de Construcci\u00f3n Sustentable, en la que participan adem\u00e1s de la Seremi Minvu y Serviu, Seremis de Medio Ambiente, Energ\u00eda y Desarrollo Social, Cere Umag y la C\u00e1mara Chilena de la Construcci\u00f3n.<\/p>\n\n\n\n<p>Los interesados en participar, pueden inscribirse en el formulario:&nbsp;<a href=\"https:\/\/forms.gle\/hZGLev3AfrQgubd76\" target=\"_blank\" rel=\"noreferrer noopener\">https:\/\/forms.gle\/hZGLev3AfrQgubd76<\/a><\/p>\n","protected":false},"excerpt":{"rendered":"<p>Con el fin de reflexionar sobre la ciudad y la construcci\u00f3n sustentable de esta, la Seremi de Vivienda y Urbanismo, junto a Serviu, realizar\u00e1n el III Seminario de Construcci\u00f3n Sustentable&#8230; <a class=\"read-more\" href=\"https:\/\/www.radiopresidenteibanez.cl\/web\/minvu-realizara-seminario-online-de-construccion-sustentable\/\">Leer m\u00e1s<\/a><\/p>\n","protected":false},"author":2,"featured_media":15335,"comment_status":"closed","ping_status":"closed","sticky":false,"template":"","format":"standard","meta":{"footnotes":""},"categories":[1],"tags":[],"class_list":["post-15334","post","type-post","status-publish","format-standard","has-post-thumbnail","hentry","category-cronica"],"_links":{"self":[{"href":"https:\/\/www.radiopresidenteibanez.cl\/web\/wp-json\/wp\/v2\/posts\/15334","targetHints":{"allow":["GET"]}}],"collection":[{"href":"https:\/\/www.radiopresidenteibanez.cl\/web\/wp-json\/wp\/v2\/posts"}],"about":[{"href":"https:\/\/www.radiopresidenteibanez.cl\/web\/wp-json\/wp\/v2\/types\/post"}],"author":[{"embeddable":true,"href":"https:\/\/www.radiopresidenteibanez.cl\/web\/wp-json\/wp\/v2\/users\/2"}],"replies":[{"embeddable":true,"href":"https:\/\/www.radiopresidenteibanez.cl\/web\/wp-json\/wp\/v2\/comments?post=15334"}],"version-history":[{"count":0,"href":"https:\/\/www.radiopresidenteibanez.cl\/web\/wp-json\/wp\/v2\/posts\/15334\/revisions"}],"wp:featuredmedia":[{"embeddable":true,"href":"https:\/\/www.radiopresidenteibanez.cl\/web\/wp-json\/wp\/v2\/media\/15335"}],"wp:attachment":[{"href":"https:\/\/www.radiopresidenteibanez.cl\/web\/wp-json\/wp\/v2\/media?parent=15334"}],"wp:term":[{"taxonomy":"category","embeddable":true,"href":"https:\/\/www.radiopresidenteibanez.cl\/web\/wp-json\/wp\/v2\/categories?post=15334"},{"taxonomy":"post_tag","embeddable":true,"href":"https:\/\/www.radiopresidenteibanez.cl\/web\/wp-json\/wp\/v2\/tags?post=15334"}],"curies":[{"name":"wp","href":"https:\/\/api.w.org\/{rel}","templated":true}]}}