{"id":15331,"date":"2020-10-20T03:00:55","date_gmt":"2020-10-20T03:00:55","guid":{"rendered":"https:\/\/www.radiopresidenteibanez.cl\/web\/?p=15331"},"modified":"2020-10-19T17:07:32","modified_gmt":"2020-10-19T17:07:32","slug":"emprendedores-inician-talleres-online-para-fortalecer-sus-negocios-de-servicios-alimenticios","status":"publish","type":"post","link":"https:\/\/www.radiopresidenteibanez.cl\/web\/emprendedores-inician-talleres-online-para-fortalecer-sus-negocios-de-servicios-alimenticios\/","title":{"rendered":"EMPRENDEDORES INICIAN TALLERES ONLINE PARA FORTALECER SUS NEGOCIOS DE SERVICIOS ALIMENTICIOS"},"content":{"rendered":"\n<p>Talleres de formaci\u00f3n, asesor\u00eda\ncomercial, acompa\u00f1amiento y el acceso al financiamiento de un plan de negocios\nson los componentes del programa Yo Emprendo, impulsado por el Fondo de\nSolidaridad e Inversi\u00f3n Social, FOSIS, servicio relacionado al Ministerio de\nDesarrollo Social y Familia. <\/p>\n\n\n\n<p>En este caso son 36 usuarios y\nusuarias de la capital regional que participan de esta iniciativa focalizada\npara emprendedores dedicados al rubro de producci\u00f3n y venta de servicios\nalimenticios.<\/p>\n\n\n\n<p>El inicio de los talleres de\ncapacitaci\u00f3n, de manera virtual, cont\u00f3 con la participaci\u00f3n y bienvenida de la Secretaria\nRegional Ministerial de Desarrollo Social y Familia, Liz Casanueva, y del Director\nRegional del FOSIS, Hern\u00e1n Soto.<\/p>\n\n\n\n<p>\u201cEste programa los ayudar\u00e1 a que\npotencien sus emprendimientos a trav\u00e9s de las diversas etapas que contempla el\nproceso, como son las capacitaciones, asesor\u00edas y la entrega del\nfinanciamiento. Los insto a que aprovechen al m\u00e1ximo cada uno de los\nconocimientos que ir\u00e1n adquiriendo para los actuales y futuros emprendimientos\nque surjan\u201d, les manifest\u00f3 la Seremi Casanueva.&nbsp;&nbsp;&nbsp;&nbsp;&nbsp;&nbsp;&nbsp;&nbsp;&nbsp;&nbsp;&nbsp;&nbsp;&nbsp;&nbsp;&nbsp;&nbsp;&nbsp;&nbsp;&nbsp;&nbsp;&nbsp;&nbsp;&nbsp;&nbsp;&nbsp;&nbsp;&nbsp;&nbsp;&nbsp;&nbsp;&nbsp;&nbsp;&nbsp;&nbsp;&nbsp;&nbsp;&nbsp;&nbsp;&nbsp;&nbsp;&nbsp;&nbsp;&nbsp;&nbsp;&nbsp;&nbsp;&nbsp;&nbsp;&nbsp;&nbsp;&nbsp;&nbsp;&nbsp;&nbsp;&nbsp;&nbsp;&nbsp;&nbsp; &nbsp;&nbsp;&nbsp;&nbsp;&nbsp;&nbsp;&nbsp;&nbsp;&nbsp;&nbsp;&nbsp;&nbsp;&nbsp;&nbsp;&nbsp;&nbsp;&nbsp;&nbsp;&nbsp;&nbsp;&nbsp;&nbsp;&nbsp;&nbsp;&nbsp;&nbsp;&nbsp;&nbsp;&nbsp;&nbsp;&nbsp;&nbsp;&nbsp;&nbsp;&nbsp;&nbsp;&nbsp;&nbsp;&nbsp;&nbsp;&nbsp;&nbsp;&nbsp;&nbsp;&nbsp;&nbsp;&nbsp;&nbsp;&nbsp;&nbsp;&nbsp;&nbsp;&nbsp;&nbsp;&nbsp;&nbsp; <\/p>\n\n\n\n<p>Por su parte, el Director Regional\ndel servicio, Hern\u00e1n Soto, destac\u00f3 que \u201cla contingencia sanitaria ha\nsignificado adaptar las metodolog\u00edas de nuestra amplia cartera de programas\npara poder seguir otorgando beneficios a personas, familias y comunidades, de\nmanera de llegar de manera oportuna a satisfacer las necesidades que hoy\ntienen. Agradecemos el compromiso y ganas de participar que han mostrado para\nparticipar de esta modalidad virtual\u201d.<\/p>\n\n\n\n<p>Este programa es ejecutado por la\nFundaci\u00f3n para el Desarrollo de Magallanes, FIDE XII, y signific\u00f3 una inversi\u00f3n\ntotal del FOSIS de m\u00e1s de 38 millones de pesos.<\/p>\n","protected":false},"excerpt":{"rendered":"<p>Talleres de formaci\u00f3n, asesor\u00eda comercial, acompa\u00f1amiento y el acceso al financiamiento de un plan de negocios son los componentes del programa Yo Emprendo, impulsado por el Fondo de Solidaridad e&#8230; <a class=\"read-more\" href=\"https:\/\/www.radiopresidenteibanez.cl\/web\/emprendedores-inician-talleres-online-para-fortalecer-sus-negocios-de-servicios-alimenticios\/\">Leer m\u00e1s<\/a><\/p>\n","protected":false},"author":2,"featured_media":15332,"comment_status":"closed","ping_status":"closed","sticky":false,"template":"","format":"standard","meta":{"footnotes":""},"categories":[1],"tags":[],"class_list":["post-15331","post","type-post","status-publish","format-standard","has-post-thumbnail","hentry","category-cronica"],"_links":{"self":[{"href":"https:\/\/www.radiopresidenteibanez.cl\/web\/wp-json\/wp\/v2\/posts\/15331","targetHints":{"allow":["GET"]}}],"collection":[{"href":"https:\/\/www.radiopresidenteibanez.cl\/web\/wp-json\/wp\/v2\/posts"}],"about":[{"href":"https:\/\/www.radiopresidenteibanez.cl\/web\/wp-json\/wp\/v2\/types\/post"}],"author":[{"embeddable":true,"href":"https:\/\/www.radiopresidenteibanez.cl\/web\/wp-json\/wp\/v2\/users\/2"}],"replies":[{"embeddable":true,"href":"https:\/\/www.radiopresidenteibanez.cl\/web\/wp-json\/wp\/v2\/comments?post=15331"}],"version-history":[{"count":0,"href":"https:\/\/www.radiopresidenteibanez.cl\/web\/wp-json\/wp\/v2\/posts\/15331\/revisions"}],"wp:featuredmedia":[{"embeddable":true,"href":"https:\/\/www.radiopresidenteibanez.cl\/web\/wp-json\/wp\/v2\/media\/15332"}],"wp:attachment":[{"href":"https:\/\/www.radiopresidenteibanez.cl\/web\/wp-json\/wp\/v2\/media?parent=15331"}],"wp:term":[{"taxonomy":"category","embeddable":true,"href":"https:\/\/www.radiopresidenteibanez.cl\/web\/wp-json\/wp\/v2\/categories?post=15331"},{"taxonomy":"post_tag","embeddable":true,"href":"https:\/\/www.radiopresidenteibanez.cl\/web\/wp-json\/wp\/v2\/tags?post=15331"}],"curies":[{"name":"wp","href":"https:\/\/api.w.org\/{rel}","templated":true}]}}