{"id":15325,"date":"2020-10-19T14:41:27","date_gmt":"2020-10-19T14:41:27","guid":{"rendered":"https:\/\/www.radiopresidenteibanez.cl\/web\/?p=15325"},"modified":"2020-10-19T14:41:32","modified_gmt":"2020-10-19T14:41:32","slug":"prodemu-y-falp-crean-alianza-para-fomentar-prevencion-del-cancer-de-forma-digital","status":"publish","type":"post","link":"https:\/\/www.radiopresidenteibanez.cl\/web\/prodemu-y-falp-crean-alianza-para-fomentar-prevencion-del-cancer-de-forma-digital\/","title":{"rendered":"PRODEMU Y FALP CREAN ALIANZA PARA FOMENTAR  PREVENCI\u00d3N DEL C\u00c1NCER DE FORMA DIGITAL"},"content":{"rendered":"\n<p>En Chile, cada a\u00f1o\nson diagnosticadas 4.000 mujeres por C\u00e1ncer de Mama y fallecen alrededor de\n1.400 durante el mismo per\u00edodo, lo que convierte a esta enfermedad como la\nprimera causa de muerte por c\u00e1ncer en las mujeres de nuestro pa\u00eds. Con la\nllegada del COVID 19&nbsp; a nuestro pa\u00eds los\nex\u00e1menes preventivos contra el c\u00e1ncer de mama bajaron en un 80% en centros\np\u00fablicos y privados, por el miedo a exponerse al contagio. <\/p>\n\n\n\n<p>Por eso con el\nobjetivo de fomentar el cuidado y la detecci\u00f3n precoz del c\u00e1ncer, Fundaci\u00f3n PRODEMU\n-perteneciente a la Red de Fundaciones de la Presidencia- firm\u00f3 un convenio con\nFundaci\u00f3n Arturo L\u00f3pez P\u00e9rez (FALP) para trabajar en conjunto con mujeres de\nambas instituciones en la prevenci\u00f3n del c\u00e1ncer. Para eso la fundaci\u00f3n PRODEMU\nrealizar\u00e1 talleres digitales a una poblaci\u00f3n de hasta 200 pacientes de FALP,\nentreg\u00e1ndoles celulares inteligentes con conectividad por 18 meses a trav\u00e9s de\nlos cuales podr\u00e1n acceder a formaci\u00f3n en herramientas digitales y\ncapacitaciones en manejo de redes sociales para sus diferentes usos.<\/p>\n\n\n\n<p>La entrega de estos\nequipos se enmarca en el programa de PRODEMU \u201cLa Ruta del Empoderamiento\nDigital\u201d, a trav\u00e9s de la cual la fundaci\u00f3n ha capacitado a 3.300 mujeres en\nherramientas digitales para usos sociales y econ\u00f3micos. Esta vez, gracias a la\nalianza con FALP,&nbsp; <strong>la formaci\u00f3n consistir\u00e1 en una campa\u00f1a educativa digital encabezada por\nFALP, que busca concientizar sobre la importancia de la prevenci\u00f3n y detecci\u00f3n\nprecoz del c\u00e1ncer,<\/strong> junto a h\u00e1bitos de vida saludable.<\/p>\n\n\n\n<p>Lo anterior, considerando\nque el hallazgo temprano del c\u00e1ncer de mama, sin compromiso de ganglios, eleva\nel porcentaje de recuperaci\u00f3n sobre el 95%.&nbsp;\nEn consecuencia, es fundamental crear conciencia en la poblaci\u00f3n\nfemenina de consultar y realizar su mamograf\u00eda en forma peri\u00f3dica.&nbsp; <\/p>\n\n\n\n<p>Para la directora nacional de PRODEMU Paola Diez Berliner, \u201cesta\nalianza nos permitir\u00e1 entregar contenidos educativos sobre el c\u00e1ncer a las\nmujeres, en un contexto donde muchas mujeres no quieren salir a centro m\u00e9dicos\npor miedo al contagio. Como mujeres, tenemos que tener estrategias de\nautocuidado con nuestro cuerpo y no s\u00f3lo cuidar a otros, que es lo que\nhist\u00f3ricamente hacemos. S\u00f3lo as\u00ed podremos prevenir enfermedades asociadas al\nc\u00e1ncer de mama\u201d.<\/p>\n\n\n\n<p>Por su parte, la\ngerente del \u00e1rea de Donaciones y Beneficencia de FALP, Soledad Neumann\nRodr\u00edguez, valor\u00f3 esta iniciativa \u201cVimos una gran oportunidad de aumentar\nnuestro alcance a trav\u00e9s de la Ruta de Empoderamiento Digital de PRODEMU,\nllegando a m\u00e1s mujeres a lo largo de Chile con educaci\u00f3n y prevenci\u00f3n en temas\nde c\u00e1ncer. Cuando una mujer es diagnosticada con c\u00e1ncer el impacto psicol\u00f3gico\ny social no solo lo vive ella sino tambi\u00e9n su familia. Es esencial que la mujer\naprenda sobre autocuidado y se convierta en un agente replicador de salud para\nsu comunidad\u201d.<\/p>\n","protected":false},"excerpt":{"rendered":"<p>En Chile, cada a\u00f1o son diagnosticadas 4.000 mujeres por C\u00e1ncer de Mama y fallecen alrededor de 1.400 durante el mismo per\u00edodo, lo que convierte a esta enfermedad como la primera&#8230; <a class=\"read-more\" href=\"https:\/\/www.radiopresidenteibanez.cl\/web\/prodemu-y-falp-crean-alianza-para-fomentar-prevencion-del-cancer-de-forma-digital\/\">Leer m\u00e1s<\/a><\/p>\n","protected":false},"author":2,"featured_media":15326,"comment_status":"closed","ping_status":"closed","sticky":false,"template":"","format":"standard","meta":{"footnotes":""},"categories":[1],"tags":[],"class_list":["post-15325","post","type-post","status-publish","format-standard","has-post-thumbnail","hentry","category-cronica"],"_links":{"self":[{"href":"https:\/\/www.radiopresidenteibanez.cl\/web\/wp-json\/wp\/v2\/posts\/15325","targetHints":{"allow":["GET"]}}],"collection":[{"href":"https:\/\/www.radiopresidenteibanez.cl\/web\/wp-json\/wp\/v2\/posts"}],"about":[{"href":"https:\/\/www.radiopresidenteibanez.cl\/web\/wp-json\/wp\/v2\/types\/post"}],"author":[{"embeddable":true,"href":"https:\/\/www.radiopresidenteibanez.cl\/web\/wp-json\/wp\/v2\/users\/2"}],"replies":[{"embeddable":true,"href":"https:\/\/www.radiopresidenteibanez.cl\/web\/wp-json\/wp\/v2\/comments?post=15325"}],"version-history":[{"count":0,"href":"https:\/\/www.radiopresidenteibanez.cl\/web\/wp-json\/wp\/v2\/posts\/15325\/revisions"}],"wp:featuredmedia":[{"embeddable":true,"href":"https:\/\/www.radiopresidenteibanez.cl\/web\/wp-json\/wp\/v2\/media\/15326"}],"wp:attachment":[{"href":"https:\/\/www.radiopresidenteibanez.cl\/web\/wp-json\/wp\/v2\/media?parent=15325"}],"wp:term":[{"taxonomy":"category","embeddable":true,"href":"https:\/\/www.radiopresidenteibanez.cl\/web\/wp-json\/wp\/v2\/categories?post=15325"},{"taxonomy":"post_tag","embeddable":true,"href":"https:\/\/www.radiopresidenteibanez.cl\/web\/wp-json\/wp\/v2\/tags?post=15325"}],"curies":[{"name":"wp","href":"https:\/\/api.w.org\/{rel}","templated":true}]}}