{"id":15322,"date":"2020-10-19T14:37:52","date_gmt":"2020-10-19T14:37:52","guid":{"rendered":"https:\/\/www.radiopresidenteibanez.cl\/web\/?p=15322"},"modified":"2020-10-19T14:37:59","modified_gmt":"2020-10-19T14:37:59","slug":"condepp-una-vez-mas-hemos-sido-enganados","status":"publish","type":"post","link":"https:\/\/www.radiopresidenteibanez.cl\/web\/condepp-una-vez-mas-hemos-sido-enganados\/","title":{"rendered":"CONDEPP: \u201cUNA VEZ M\u00c1S HEMOS SIDO ENGA\u00d1ADOS\u201d"},"content":{"rendered":"\n<p>Los dirigentes de los pescadores artesanales de CONDEPP (Consejo Nacional por la Defensa del Patrimonio Pesquero) &nbsp;que asistieron a una reuni\u00f3n el pasado 07 de octubre, ocasi\u00f3n en la que el ministro de agricultura, Antonio Walker, les anunci\u00f3 entre otras cosas, que retiraba la urgencia al proyecto de ley que pretend\u00eda traspasar la Subsecretar\u00eda de Pesca al Ministerio de Agricultura, lo que para los pescadores artesanales era un claro intento de invisibilizarlos y distraer la atenci\u00f3n de los problemas reales de la pesca artesanal. Este proyecto de ley a\u00fan est\u00e1 con SUMA URGENCIA DESDE EL 01 DE SEPTIEMBRE.<\/p>\n\n\n\n<p>Para Hern\u00e1n Cort\u00e9s es evidente que hay algo que no funciona correctamente. \u201cpara que nos prometi\u00f3 el ministro Walker el retiro del tr\u00e1mite de suma urgencia si no cumplir\u00eda su palabra\u201d, reclama el presidente de CONDEPP.<\/p>\n\n\n\n<p>\u201cLos pescadores artesanales hemos sido enga\u00f1ados muchas veces, partiendo por la famosa Ley Longueira de Pesca\u201d, se\u00f1al\u00f3 Hernan Machuca Vocero Nacional de la entidad.<\/p>\n\n\n\n<p>En la ocasi\u00f3n se\u00f1alada, los pescadores le plantearon al ministro que este proyecto de ley no incluye las demandas recurrentes de CONDEPP, que son, una legislaci\u00f3n transparente y al margen de la corrupci\u00f3n; un fraccionamiento justo y equitativo que termine con la asignaci\u00f3n de 70% de las cuotas para el sector industrial; plataforma social; la sostenibilidad y fin a la pesca de arrastre; cinco millas de reserva artesanal para todo el pa\u00eds y t\u00e9rmino de las perforaciones.<\/p>\n\n\n\n<p>El ministro Walker les coment\u00f3 en la reuni\u00f3n, que \u00e9l sab\u00eda que no contaba con el apoyo de la pesca artesanal y que tampoco ten\u00eda el respaldo pol\u00edtico en el Congreso, tanto de oposici\u00f3n como oficialista. Ambos rechazan la postura, por esta raz\u00f3n les anunci\u00f3 que se resolv\u00eda quitarle la urgencia al proyecto.<\/p>\n\n\n\n<p>En nombre de todos los pescadores, Hern\u00e1n Cortes, presidente de CONDEPP le exige al ministro \u201cque retire el tr\u00e1mite de suma urgencia al proyecto de ley y que respete su palabra empe\u00f1ada, y que inicie cuanto antes los estudios para la creaci\u00f3n del anhelado Ministerio del Mar, ese ser\u00e1 el mayor logro para CONDEPP para el bien de los miles de pescadores artesanales a nivel nacional, sus familias y actividades conexas\u201d.<\/p>\n","protected":false},"excerpt":{"rendered":"<p>Los dirigentes de los pescadores artesanales de CONDEPP (Consejo Nacional por la Defensa del Patrimonio Pesquero) &nbsp;que asistieron a una reuni\u00f3n el pasado 07 de octubre, ocasi\u00f3n en la que&#8230; <a class=\"read-more\" href=\"https:\/\/www.radiopresidenteibanez.cl\/web\/condepp-una-vez-mas-hemos-sido-enganados\/\">Leer m\u00e1s<\/a><\/p>\n","protected":false},"author":2,"featured_media":15323,"comment_status":"closed","ping_status":"closed","sticky":false,"template":"","format":"standard","meta":{"footnotes":""},"categories":[1],"tags":[],"class_list":["post-15322","post","type-post","status-publish","format-standard","has-post-thumbnail","hentry","category-cronica"],"_links":{"self":[{"href":"https:\/\/www.radiopresidenteibanez.cl\/web\/wp-json\/wp\/v2\/posts\/15322","targetHints":{"allow":["GET"]}}],"collection":[{"href":"https:\/\/www.radiopresidenteibanez.cl\/web\/wp-json\/wp\/v2\/posts"}],"about":[{"href":"https:\/\/www.radiopresidenteibanez.cl\/web\/wp-json\/wp\/v2\/types\/post"}],"author":[{"embeddable":true,"href":"https:\/\/www.radiopresidenteibanez.cl\/web\/wp-json\/wp\/v2\/users\/2"}],"replies":[{"embeddable":true,"href":"https:\/\/www.radiopresidenteibanez.cl\/web\/wp-json\/wp\/v2\/comments?post=15322"}],"version-history":[{"count":0,"href":"https:\/\/www.radiopresidenteibanez.cl\/web\/wp-json\/wp\/v2\/posts\/15322\/revisions"}],"wp:featuredmedia":[{"embeddable":true,"href":"https:\/\/www.radiopresidenteibanez.cl\/web\/wp-json\/wp\/v2\/media\/15323"}],"wp:attachment":[{"href":"https:\/\/www.radiopresidenteibanez.cl\/web\/wp-json\/wp\/v2\/media?parent=15322"}],"wp:term":[{"taxonomy":"category","embeddable":true,"href":"https:\/\/www.radiopresidenteibanez.cl\/web\/wp-json\/wp\/v2\/categories?post=15322"},{"taxonomy":"post_tag","embeddable":true,"href":"https:\/\/www.radiopresidenteibanez.cl\/web\/wp-json\/wp\/v2\/tags?post=15322"}],"curies":[{"name":"wp","href":"https:\/\/api.w.org\/{rel}","templated":true}]}}