{"id":15317,"date":"2020-10-19T14:32:11","date_gmt":"2020-10-19T14:32:11","guid":{"rendered":"https:\/\/www.radiopresidenteibanez.cl\/web\/?p=15317"},"modified":"2020-10-19T14:32:18","modified_gmt":"2020-10-19T14:32:18","slug":"fratelli-tutti-por-ernesto-sepulveda-tornero","status":"publish","type":"post","link":"https:\/\/www.radiopresidenteibanez.cl\/web\/fratelli-tutti-por-ernesto-sepulveda-tornero\/","title":{"rendered":"FRATELLI TUTTI por Ernesto Sep\u00falveda Tornero"},"content":{"rendered":"\n<p>\u00a0El Papa Francisco, dict\u00f3 el 3 de octubre su Enc\u00edclica \u201cFratelli Tutti\u201d, que puede traducirse como \u201cHermanos todos\u201d, una frase que San Francisco de As\u00eds, uno de sus inspiradores, dec\u00eda con frecuencia. Las enc\u00edclicas papales, son cartas que el Papa env\u00eda a todos los obispos y fieles cat\u00f3licos del mundo. En ellas, fija la doctrina y la posici\u00f3n de la iglesia respecto de alguna materia. En este caso, est\u00e1 orientada a destacar la importancia de \u00a0la fraternidad y la amistad social. Reconocernos como hermanos, como miembros de la naturaleza humana, dotados con igual dignidad y derechos. Con inspiraci\u00f3n en los textos b\u00edblicos, en los escritos de San Francisco de As\u00eds, pero tambi\u00e9n en el pensamiento de grandes hombres de otras creencias. Mahatma Gandhi, Martin Luther King. El papa destaca especialmente sus conversaciones, con una autoridad de la religi\u00f3n isl\u00e1mica, el Gran Im\u00e1n \u00a0Ahmad Al-Tayyeb \u201cDios ha creado todos los seres humanos iguales en los derechos, en los deberes y en la dignidad, y los ha llamado a convivir como hermanos entre ellos\u00bb.<\/p>\n\n\n\n<p>Las relaciones interpersonales en el mundo de hoy, dominado por la tecnolog\u00eda, y las comunicaciones a distancia. El impacto de la pandemia. Los cambios culturales producidos por los fen\u00f3menos migratorios. Las necesidades humanas b\u00e1sicas, no resueltas en gran parte del planeta. El riesgo del populismo. Los cantos de sirena del consumismo, que lleva a la alienaci\u00f3n, y al individualismo sin freno.<\/p>\n\n\n\n<p>Todos estos aspectos, son tratados en FRATELLI TUTTI, por el papa Francisco, con una inspiraci\u00f3n central. El amor por el hermano, \u201cSea el que est\u00e1 lejos, como el que est\u00e1 junto a ti\u201d. El prop\u00f3sito es un aporte a la reflexi\u00f3n, de \u201ctodas las personas de buena voluntad\u201d, \u201cPara que frente a distintas formas de eliminar o ignorar a otros, seamos capaces de reaccionar con un nuevo sue\u00f1o de fraternidad y de amistad social que no se quede en las palabras\u201d. En otro pasaje Francisco nos recuerda, \u201cNadie puede pelear la vida aisladamente. Se necesita una comunidad que nos sostenga, que nos ayude, y en la que nos ayudemos unos a otros a mirar hacia adelante.\u201d<\/p>\n\n\n\n<p>Estas son ideas introductorias a la Enc\u00edclica Fratelli Tutti, que invito a leer. Mi prop\u00f3sito es destacar el esp\u00edritu de encuentro, de di\u00e1logo. La invitaci\u00f3n a construir comunidad, a vivir en el amor de unos a otros, que inspira esta carta. En momentos en que en el mundo es asolado por una pandemia que ya se ha llevado a millones. En tiempos en que, en nuestro pa\u00eds, vivimos tiempos de convulsi\u00f3n social, pero tambi\u00e9n de esperanza. El llamado al amor a nuestros hermanos, debe ser central, en todos, cristianos, jud\u00edos, musulmanes, personas agn\u00f3sticas, todos somos miembros del g\u00e9nero humano. Nos debemos el trato fraterno, el trato de hermanos. Nos debemos amor de los unos hacia los otros. Es lo \u00fanico que nos va a salvar como comunidad. <\/p>\n\n\n\n<p>\u00a0Cuando en Chile estamos a escasos d\u00edas de vivir, el evento pol\u00edtico mas importante de nuestra historia, con el plebiscito constituyente. Tenemos en nuestra mente, muy fresca la memoria de esas im\u00e1genes, que llenan de esperanza. Decenas de miles de personas, marchando pac\u00edficamente, en medio de cantos, de danzas y de juegos. \u00a0Esa es la forma en que se expresa nuestro pueblo. El pueblo de Chile es as\u00ed, alegre, festivo, pac\u00edfico. Esas im\u00e1genes irradian fraternidad, irradian paz.<\/p>\n\n\n\n<p>El contraste no puede ser mayor, cuando vemos las otras im\u00e1genes, esas donde grupos minoritarios de personas, destruyen el mobiliario p\u00fablico, saquean comercios. Para luego en el cl\u00edmax de su org\u00eda de violencia, terminan incendiando dos iglesias en Santiago, la capital de Chile.<\/p>\n\n\n\n<p>La destrucci\u00f3n de objetos de culto religioso, o lugares sagrados para los integrantes de una determinada profesi\u00f3n religiosa, est\u00e1 asociada a los momentos mas oscuros de la historia de la humanidad.\u00a0 Es realmente una herida en el alma nacional, cuando vemos que un grupo de personas, puede llegar a ese extremo en las expresiones de odio.<\/p>\n\n\n\n<p>Nuestro pa\u00eds, necesita del dialogo social, de la fraternidad, necesita del amor que tenemos por nuestros mas cercanos, pero que tambi\u00e9n debemos tener por los otros. Por esos que no son tan parecidos a m\u00ed, o los que piensan distinto.\u00a0 No hay otra forma de construir una sociedad sana, que no sea sobre la base del dialogo fraternal, pac\u00edfico, abierto. Eso deben entenderlo en primer lugar, los l\u00edderes pol\u00edticos, tanto los que gobiernan, como los que esperan gobernar en el futuro. El \u00fanico camino para Chile, es el del dialogo y la paz. Nadie puede justificar en Chile, la violencia como recurso pol\u00edtico. Como nunca antes, tenemos a nuestro alcance la participaci\u00f3n, las llaves de nuestro propio destino. Los l\u00edderes sociales y pol\u00edticos, deben tener el coraje de defender el dialogo y la paz, ahora m\u00e1s que nunca. Y decirlo sin titubeos, sin dobles lecturas, sin justificaci\u00f3n ni condiciones.<\/p>\n\n\n\n<p>&nbsp;&nbsp;&nbsp;&nbsp;&nbsp;&nbsp;&nbsp;&nbsp;&nbsp;&nbsp;&nbsp;&nbsp;&nbsp;&nbsp;&nbsp;&nbsp;&nbsp;&nbsp;&nbsp;&nbsp;&nbsp;&nbsp;&nbsp;&nbsp;&nbsp;&nbsp;&nbsp;&nbsp;&nbsp;&nbsp;&nbsp;&nbsp;&nbsp;&nbsp;&nbsp;&nbsp;&nbsp;&nbsp;&nbsp;&nbsp;&nbsp;&nbsp;&nbsp;&nbsp;&nbsp;&nbsp;&nbsp;&nbsp;&nbsp;&nbsp;&nbsp;&nbsp;&nbsp;&nbsp;&nbsp;&nbsp; FRATELLI\nTUTTI., hermanos todos.<\/p>\n\n\n\n<p>Ernesto\nSep\u00falveda Tornero<\/p>\n","protected":false},"excerpt":{"rendered":"<p>\u00a0El Papa Francisco, dict\u00f3 el 3 de octubre su Enc\u00edclica \u201cFratelli Tutti\u201d, que puede traducirse como \u201cHermanos todos\u201d, una frase que San Francisco de As\u00eds, uno de sus inspiradores, dec\u00eda&#8230; <a class=\"read-more\" href=\"https:\/\/www.radiopresidenteibanez.cl\/web\/fratelli-tutti-por-ernesto-sepulveda-tornero\/\">Leer m\u00e1s<\/a><\/p>\n","protected":false},"author":2,"featured_media":2310,"comment_status":"closed","ping_status":"closed","sticky":false,"template":"","format":"standard","meta":{"footnotes":""},"categories":[1],"tags":[],"class_list":["post-15317","post","type-post","status-publish","format-standard","has-post-thumbnail","hentry","category-cronica"],"_links":{"self":[{"href":"https:\/\/www.radiopresidenteibanez.cl\/web\/wp-json\/wp\/v2\/posts\/15317","targetHints":{"allow":["GET"]}}],"collection":[{"href":"https:\/\/www.radiopresidenteibanez.cl\/web\/wp-json\/wp\/v2\/posts"}],"about":[{"href":"https:\/\/www.radiopresidenteibanez.cl\/web\/wp-json\/wp\/v2\/types\/post"}],"author":[{"embeddable":true,"href":"https:\/\/www.radiopresidenteibanez.cl\/web\/wp-json\/wp\/v2\/users\/2"}],"replies":[{"embeddable":true,"href":"https:\/\/www.radiopresidenteibanez.cl\/web\/wp-json\/wp\/v2\/comments?post=15317"}],"version-history":[{"count":0,"href":"https:\/\/www.radiopresidenteibanez.cl\/web\/wp-json\/wp\/v2\/posts\/15317\/revisions"}],"wp:featuredmedia":[{"embeddable":true,"href":"https:\/\/www.radiopresidenteibanez.cl\/web\/wp-json\/wp\/v2\/media\/2310"}],"wp:attachment":[{"href":"https:\/\/www.radiopresidenteibanez.cl\/web\/wp-json\/wp\/v2\/media?parent=15317"}],"wp:term":[{"taxonomy":"category","embeddable":true,"href":"https:\/\/www.radiopresidenteibanez.cl\/web\/wp-json\/wp\/v2\/categories?post=15317"},{"taxonomy":"post_tag","embeddable":true,"href":"https:\/\/www.radiopresidenteibanez.cl\/web\/wp-json\/wp\/v2\/tags?post=15317"}],"curies":[{"name":"wp","href":"https:\/\/api.w.org\/{rel}","templated":true}]}}