{"id":15313,"date":"2020-10-19T04:45:00","date_gmt":"2020-10-19T04:45:00","guid":{"rendered":"https:\/\/www.radiopresidenteibanez.cl\/web\/?p=15313"},"modified":"2020-10-18T18:42:21","modified_gmt":"2020-10-18T18:42:21","slug":"tia-rica-devuelve-a-sus-sobrinos-montos-cobrados-por-concepto-de-derecho-a-remate","status":"publish","type":"post","link":"https:\/\/www.radiopresidenteibanez.cl\/web\/tia-rica-devuelve-a-sus-sobrinos-montos-cobrados-por-concepto-de-derecho-a-remate\/","title":{"rendered":"\u201cT\u00cdA RICA\u201d DEVUELVE A SUS \u201cSOBRINOS\u201d MONTOS COBRADOS POR CONCEPTO DE DERECHO A REMATE"},"content":{"rendered":"\n<p><em>Desde la\nsegunda semana de octubre, la Direcci\u00f3n General de Cr\u00e9dito Prendario (Dicrep)\n\u2013m\u00e1s conocida como la \u201cT\u00eda Rica\u201d- inici\u00f3 el proceso de reintegro de dineros\ncobrados por el concepto de derecho a remate.<\/em><em><\/em><\/p>\n\n\n\n<p><em>Los montos a\ndevolver son aquellos cobrados por el derecho a remate de los usuarios due\u00f1os\nde art\u00edculos o prendas cuyas p\u00f3lizas vencieron entre el 1 de marzo y el 9 de\nseptiembre de 2020 y que, producto de la actual situaci\u00f3n de pandemia por\nCovid-19, no han sido rematados, por lo cual corresponde el reintegro de dichos\ndineros.<\/em><em><\/em><\/p>\n\n\n\n<p><em>\u201cQueremos,\nprimero que todo, asegurar a los usuarios de nuestra \u201cT\u00eda Rica\u201d, que, entre el\nmes de marzo de 2020 a la fecha, NO se ha efectuado ning\u00fan remate y estos\ncontin\u00faan suspendidos hasta nuevo aviso. Por tanto, el reintegro de estos montos\ncorresponde al cobro que el sistema realiz\u00f3 autom\u00e1ticamente durante estos meses\nen que no hubo remates y que en Punta Arenas la devoluci\u00f3n supera los 5\nmillones de pesos\u201d, explic\u00f3 la Seremi del Trabajo, Victoria Cort\u00e9s Schiattino.<\/em><em><\/em><\/p>\n\n\n\n<p><em>El reembolso\nde estos montos se realizar\u00e1 mediante carga masiva, por dep\u00f3sito a trav\u00e9s de\ntransferencia electr\u00f3nica en la cuenta bancaria de cada usuario al cual le fue\ncobrado el derecho de remate entre las fechas indicadas anteriormente.<\/em><em><\/em><\/p>\n\n\n\n<p><em>\u201cA partir del\n9 de septiembre en adelante no se estar\u00e1 cobrando el derecho a remate, mientras\nnos mantengamos en esta situaci\u00f3n de suspensi\u00f3n por la pandemia. La idea es que\nel cobro se reactive una vez que retomemos los remates, siempre que la\nsituaci\u00f3n sanitaria regional lo permita\u201d, asegur\u00f3 el administrador regional de\nDicrep Magallanes, Claudio Reyes Guti\u00e9rrez. <\/em><em><\/em><\/p>\n\n\n\n<p>La autoridad\nlaboral resalt\u00f3 que, a la fecha, a nivel nacional, el 94% de los usuarios ha\nobtenido a trav\u00e9s de su cuenta Rut el pago en forma satisfactoria, lo cual\nrepresenta un total superior a los 134 millones de pesos, equivalente al 92% de\nla totalidad del valor a reintegrar en el pa\u00eds.<\/p>\n\n\n\n<p>\u201cPara los casos\nque no fue posible realizar el reintegro a trav\u00e9s de la cuenta bancaria del\nusuario, la T\u00eda Rica dispuso en su sitio web, <a href=\"http:\/\/www.dicep.cl\">www.dicep.cl<\/a> un acceso directo para consultar el estado\nde la devoluci\u00f3n. En el caso de ser rechazada, el usuario podr\u00e1 solicitar\ndevoluci\u00f3n en otra cuenta bancaria, o bien, directamente por caja en la\nsucursal de la Dicrep Punta Arenas, ubicada en calle Lautaro Navarro N\u00b01024\u201d,\nconcluy\u00f3 la seremi.<\/p>\n","protected":false},"excerpt":{"rendered":"<p>Desde la segunda semana de octubre, la Direcci\u00f3n General de Cr\u00e9dito Prendario (Dicrep) \u2013m\u00e1s conocida como la \u201cT\u00eda Rica\u201d- inici\u00f3 el proceso de reintegro de dineros cobrados por el concepto&#8230; <a class=\"read-more\" href=\"https:\/\/www.radiopresidenteibanez.cl\/web\/tia-rica-devuelve-a-sus-sobrinos-montos-cobrados-por-concepto-de-derecho-a-remate\/\">Leer m\u00e1s<\/a><\/p>\n","protected":false},"author":2,"featured_media":15314,"comment_status":"closed","ping_status":"closed","sticky":false,"template":"","format":"standard","meta":{"footnotes":""},"categories":[1],"tags":[],"class_list":["post-15313","post","type-post","status-publish","format-standard","has-post-thumbnail","hentry","category-cronica"],"_links":{"self":[{"href":"https:\/\/www.radiopresidenteibanez.cl\/web\/wp-json\/wp\/v2\/posts\/15313","targetHints":{"allow":["GET"]}}],"collection":[{"href":"https:\/\/www.radiopresidenteibanez.cl\/web\/wp-json\/wp\/v2\/posts"}],"about":[{"href":"https:\/\/www.radiopresidenteibanez.cl\/web\/wp-json\/wp\/v2\/types\/post"}],"author":[{"embeddable":true,"href":"https:\/\/www.radiopresidenteibanez.cl\/web\/wp-json\/wp\/v2\/users\/2"}],"replies":[{"embeddable":true,"href":"https:\/\/www.radiopresidenteibanez.cl\/web\/wp-json\/wp\/v2\/comments?post=15313"}],"version-history":[{"count":0,"href":"https:\/\/www.radiopresidenteibanez.cl\/web\/wp-json\/wp\/v2\/posts\/15313\/revisions"}],"wp:featuredmedia":[{"embeddable":true,"href":"https:\/\/www.radiopresidenteibanez.cl\/web\/wp-json\/wp\/v2\/media\/15314"}],"wp:attachment":[{"href":"https:\/\/www.radiopresidenteibanez.cl\/web\/wp-json\/wp\/v2\/media?parent=15313"}],"wp:term":[{"taxonomy":"category","embeddable":true,"href":"https:\/\/www.radiopresidenteibanez.cl\/web\/wp-json\/wp\/v2\/categories?post=15313"},{"taxonomy":"post_tag","embeddable":true,"href":"https:\/\/www.radiopresidenteibanez.cl\/web\/wp-json\/wp\/v2\/tags?post=15313"}],"curies":[{"name":"wp","href":"https:\/\/api.w.org\/{rel}","templated":true}]}}