{"id":15310,"date":"2020-10-19T04:30:46","date_gmt":"2020-10-19T04:30:46","guid":{"rendered":"https:\/\/www.radiopresidenteibanez.cl\/web\/?p=15310"},"modified":"2020-10-18T18:38:52","modified_gmt":"2020-10-18T18:38:52","slug":"seremi-de-salud-lanza-call-center-para-atender-consultas-y-entregar-informacion-en-contexto-covid","status":"publish","type":"post","link":"https:\/\/www.radiopresidenteibanez.cl\/web\/seremi-de-salud-lanza-call-center-para-atender-consultas-y-entregar-informacion-en-contexto-covid\/","title":{"rendered":"SEREMI DE SALUD LANZA CALL CENTER PARA ATENDER CONSULTAS Y ENTREGAR INFORMACI\u00d3N EN CONTEXTO COVID"},"content":{"rendered":"\n<p>Con la presencia del Intendente (s)\nFabi\u00e1n Mella, la Seremi de Gobierno (s) Lil Garc\u00e9s y el Seremi de Salud (s)\nEduardo&nbsp; Castillo se realiz\u00f3 la\npresentaci\u00f3n de del Call Center Covid-19, &nbsp;plataforma de comunicaci\u00f3n que &nbsp;atender\u00e1 consultas, inquietudes y orientaci\u00f3n\nen relaci\u00f3n a todas las acciones que competen a la Seremi de Salud: licencias\nm\u00e9dicas, fiscalizaciones, notificaciones de casos positivos y contactos\nestrechos, trazabilidad de dichos casos, solicitud y entrega de certificados,\nfuncionamiento de residencias sanitarias, barreras sanitarias, entre otros. En\ngeneral, temas de importancia e inter\u00e9s para la comunidad.<\/p>\n\n\n\n<p>Al respecto el Intendente (s) Fabi\u00e1n\nMella se\u00f1al\u00f3 que: \u201cSabemos que una medida por s\u00ed misma no es suficiente, pero\nentre todas ellas pueden ser eficaces para combatir esta pandemia. No tengan\ndudas en llamar, toda las consultas ser\u00e1n respondidas de manera oportuna\ndurante los horarios establecidos\u201d. <\/p>\n\n\n\n<p>En tanto la seremi (s) Garc\u00e9s agreg\u00f3\nque: \u201cPara nuestro gobierno, la prioridad es cuidar y proteger salud de todos,\nel call center es un canal de informaci\u00f3n formal, que permitir\u00e1 orientar de\nforma oportuna a nuestra comunidad en un tema tan importante y delicado como la\nsituaci\u00f3n de los contagios\u201d. &nbsp;<\/p>\n\n\n\n<p>Esta plataforma de comunicaci\u00f3n estuvo\nen marcha blanca desde el 1\u00b0 octubre con dos personas que pudieron resolver m\u00e1s\nde 760 consultas. Hoy&nbsp; al dar a conocer\nsu funcionamiento oficial se present\u00f3 &nbsp;a\nun equipo de nueve profesionales y administrativos que responder\u00e1n los&nbsp; llamados desde lunes a viernes entre 10 y 19\nhrs. y los fines de semana entre las 10 y 15hrs. De esta forma se mejora los procesos\nde informaci\u00f3n hacia la comunidad, reforzando un v\u00ednculo m\u00e1s cercano y presente\ncon la poblaci\u00f3n. <\/p>\n\n\n\n<p>Finalmente, el Seremi de Salud (s)\nEduardo Castillo puntualiz\u00f3 que: \u201c Esta era una deuda que ten\u00edamos con la\ncomunidad y que nos posibilita contar con una plataforma id\u00f3nea para dar a\nconocer los requerimientos de la poblaci\u00f3n en esta pandemia, derivar sus\nrequerimientos y tratar de encontrar la mejor respuesta para nuestros usuarios\na trav\u00e9s del n\u00famero 800 220 330\u201d. <\/p>\n","protected":false},"excerpt":{"rendered":"<p>Con la presencia del Intendente (s) Fabi\u00e1n Mella, la Seremi de Gobierno (s) Lil Garc\u00e9s y el Seremi de Salud (s) Eduardo&nbsp; Castillo se realiz\u00f3 la presentaci\u00f3n de del Call&#8230; <a class=\"read-more\" href=\"https:\/\/www.radiopresidenteibanez.cl\/web\/seremi-de-salud-lanza-call-center-para-atender-consultas-y-entregar-informacion-en-contexto-covid\/\">Leer m\u00e1s<\/a><\/p>\n","protected":false},"author":2,"featured_media":15311,"comment_status":"closed","ping_status":"closed","sticky":false,"template":"","format":"standard","meta":{"footnotes":""},"categories":[1],"tags":[],"class_list":["post-15310","post","type-post","status-publish","format-standard","has-post-thumbnail","hentry","category-cronica"],"_links":{"self":[{"href":"https:\/\/www.radiopresidenteibanez.cl\/web\/wp-json\/wp\/v2\/posts\/15310","targetHints":{"allow":["GET"]}}],"collection":[{"href":"https:\/\/www.radiopresidenteibanez.cl\/web\/wp-json\/wp\/v2\/posts"}],"about":[{"href":"https:\/\/www.radiopresidenteibanez.cl\/web\/wp-json\/wp\/v2\/types\/post"}],"author":[{"embeddable":true,"href":"https:\/\/www.radiopresidenteibanez.cl\/web\/wp-json\/wp\/v2\/users\/2"}],"replies":[{"embeddable":true,"href":"https:\/\/www.radiopresidenteibanez.cl\/web\/wp-json\/wp\/v2\/comments?post=15310"}],"version-history":[{"count":0,"href":"https:\/\/www.radiopresidenteibanez.cl\/web\/wp-json\/wp\/v2\/posts\/15310\/revisions"}],"wp:featuredmedia":[{"embeddable":true,"href":"https:\/\/www.radiopresidenteibanez.cl\/web\/wp-json\/wp\/v2\/media\/15311"}],"wp:attachment":[{"href":"https:\/\/www.radiopresidenteibanez.cl\/web\/wp-json\/wp\/v2\/media?parent=15310"}],"wp:term":[{"taxonomy":"category","embeddable":true,"href":"https:\/\/www.radiopresidenteibanez.cl\/web\/wp-json\/wp\/v2\/categories?post=15310"},{"taxonomy":"post_tag","embeddable":true,"href":"https:\/\/www.radiopresidenteibanez.cl\/web\/wp-json\/wp\/v2\/tags?post=15310"}],"curies":[{"name":"wp","href":"https:\/\/api.w.org\/{rel}","templated":true}]}}