{"id":15297,"date":"2020-10-19T03:30:34","date_gmt":"2020-10-19T03:30:34","guid":{"rendered":"https:\/\/www.radiopresidenteibanez.cl\/web\/?p=15297"},"modified":"2020-10-18T18:29:41","modified_gmt":"2020-10-18T18:29:41","slug":"municipio-de-punta-arenas-ya-ha-recibido-mas-de-2-mil-solicitudes-para-regalos-de-navidad-a-ninos-de-la-comuna","status":"publish","type":"post","link":"https:\/\/www.radiopresidenteibanez.cl\/web\/municipio-de-punta-arenas-ya-ha-recibido-mas-de-2-mil-solicitudes-para-regalos-de-navidad-a-ninos-de-la-comuna\/","title":{"rendered":"MUNICIPIO DE PUNTA ARENAS YA HA RECIBIDO M\u00c1S DE 2 MIL SOLICITUDES PARA REGALOS DE NAVIDAD A NI\u00d1OS DE LA COMUNA"},"content":{"rendered":"\n<p>A s\u00f3lo tres d\u00edas de iniciado el proceso de inscripci\u00f3n, el\nMunicipio de Punta Arenas ya ha recibido m\u00e1s de 2.150 solicitudes para que\nni\u00f1as y ni\u00f1os de la comuna puedan recibir un regalo esta navidad, cifra\nconsiderada como todo un \u00e9xito por la rapidez en las inscripciones.<\/p>\n\n\n\n<p>As\u00ed se inform\u00f3 este viernes desde la Direcci\u00f3n de Desarrollo\nComunitario del Municipio local, desde donde hicieron presente que la\ninscripci\u00f3n es abierta a todos los ni\u00f1os y ni\u00f1as de Punta Arenas y que el \u00fanico\nrequisito es que los menores tengan entre 0 y 10 a\u00f1os (cumplidos al 30 de\nnoviembre de 2020).<\/p>\n\n\n\n<p>Las inscripciones se podr\u00e1n realizar hasta el 23 de octubre,\ny para ello, los padres, apoderados o adultos responsables del menor deben\ncomunicarse (por correo o tel\u00e9fono) con el distrito en el que se encuentra\nubicado el domicilio del ni\u00f1o o ni\u00f1a, entre las 9 y 20 horas.<\/p>\n\n\n\n<p>Los antecedentes que se deben enviar son los siguientes:\nNombre completo del ni\u00f1o\/a, Fecha de nacimiento, Rut, Direcci\u00f3n (donde vive el\nmenor), Tel\u00e9fono de contacto, Nombre completo del adulto responsable, Rut\nadulto responsable, Parentesco con el ni\u00f1o\/a. Adem\u00e1s, para completar la\ninscripci\u00f3n, deber\u00e1n hacer llegar una copia digital de la c\u00e9dula de identidad\ndel ni\u00f1o v\u00eda correo electr\u00f3nico o a los tel\u00e9fonos m\u00f3viles de cada distrito.\nAdem\u00e1s, ante cualquier consulta, exceptuando la inscripci\u00f3n, se debe escribir\nal correo electr\u00f3nico navidad@e-puntaarenas.cl.<\/p>\n\n\n\n<p>Los datos de cada distrito se encuentran en el sitio web www.puntaarenas.cl o en las redes sociales del Municipio de Punta Arenas.<\/p>\n\n\n\n<figure class=\"wp-block-gallery columns-2 is-cropped wp-block-gallery-1 is-layout-flex wp-block-gallery-is-layout-flex\"><ul class=\"blocks-gallery-grid\"><li class=\"blocks-gallery-item\"><figure><img loading=\"lazy\" decoding=\"async\" width=\"1024\" height=\"576\" src=\"https:\/\/www.radiopresidenteibanez.cl\/web\/wp-content\/uploads\/2020\/10\/GR\u00c1FICA-5-1024x576.jpeg\" alt=\"\" data-id=\"15298\" data-full-url=\"https:\/\/www.radiopresidenteibanez.cl\/web\/wp-content\/uploads\/2020\/10\/GR\u00c1FICA-5.jpeg\" data-link=\"https:\/\/www.radiopresidenteibanez.cl\/web\/?attachment_id=15298\" class=\"wp-image-15298\" srcset=\"https:\/\/www.radiopresidenteibanez.cl\/web\/wp-content\/uploads\/2020\/10\/GR\u00c1FICA-5-1024x576.jpeg 1024w, https:\/\/www.radiopresidenteibanez.cl\/web\/wp-content\/uploads\/2020\/10\/GR\u00c1FICA-5-300x169.jpeg 300w, https:\/\/www.radiopresidenteibanez.cl\/web\/wp-content\/uploads\/2020\/10\/GR\u00c1FICA-5-768x432.jpeg 768w, https:\/\/www.radiopresidenteibanez.cl\/web\/wp-content\/uploads\/2020\/10\/GR\u00c1FICA-5.jpeg 1280w\" sizes=\"auto, (max-width: 1024px) 100vw, 1024px\" \/><\/figure><\/li><li class=\"blocks-gallery-item\"><figure><img loading=\"lazy\" decoding=\"async\" width=\"1024\" height=\"576\" src=\"https:\/\/www.radiopresidenteibanez.cl\/web\/wp-content\/uploads\/2020\/10\/GR\u00c1FICA-2-1024x576.jpeg\" alt=\"\" data-id=\"15299\" data-full-url=\"https:\/\/www.radiopresidenteibanez.cl\/web\/wp-content\/uploads\/2020\/10\/GR\u00c1FICA-2.jpeg\" data-link=\"https:\/\/www.radiopresidenteibanez.cl\/web\/?attachment_id=15299\" class=\"wp-image-15299\" srcset=\"https:\/\/www.radiopresidenteibanez.cl\/web\/wp-content\/uploads\/2020\/10\/GR\u00c1FICA-2-1024x576.jpeg 1024w, https:\/\/www.radiopresidenteibanez.cl\/web\/wp-content\/uploads\/2020\/10\/GR\u00c1FICA-2-300x169.jpeg 300w, https:\/\/www.radiopresidenteibanez.cl\/web\/wp-content\/uploads\/2020\/10\/GR\u00c1FICA-2-768x432.jpeg 768w, https:\/\/www.radiopresidenteibanez.cl\/web\/wp-content\/uploads\/2020\/10\/GR\u00c1FICA-2.jpeg 1280w\" sizes=\"auto, (max-width: 1024px) 100vw, 1024px\" \/><\/figure><\/li><\/ul><\/figure>\n","protected":false},"excerpt":{"rendered":"<p>A s\u00f3lo tres d\u00edas de iniciado el proceso de inscripci\u00f3n, el Municipio de Punta Arenas ya ha recibido m\u00e1s de 2.150 solicitudes para que ni\u00f1as y ni\u00f1os de la comuna&#8230; <a class=\"read-more\" href=\"https:\/\/www.radiopresidenteibanez.cl\/web\/municipio-de-punta-arenas-ya-ha-recibido-mas-de-2-mil-solicitudes-para-regalos-de-navidad-a-ninos-de-la-comuna\/\">Leer m\u00e1s<\/a><\/p>\n","protected":false},"author":2,"featured_media":15298,"comment_status":"closed","ping_status":"closed","sticky":false,"template":"","format":"standard","meta":{"footnotes":""},"categories":[1],"tags":[],"class_list":["post-15297","post","type-post","status-publish","format-standard","has-post-thumbnail","hentry","category-cronica"],"_links":{"self":[{"href":"https:\/\/www.radiopresidenteibanez.cl\/web\/wp-json\/wp\/v2\/posts\/15297","targetHints":{"allow":["GET"]}}],"collection":[{"href":"https:\/\/www.radiopresidenteibanez.cl\/web\/wp-json\/wp\/v2\/posts"}],"about":[{"href":"https:\/\/www.radiopresidenteibanez.cl\/web\/wp-json\/wp\/v2\/types\/post"}],"author":[{"embeddable":true,"href":"https:\/\/www.radiopresidenteibanez.cl\/web\/wp-json\/wp\/v2\/users\/2"}],"replies":[{"embeddable":true,"href":"https:\/\/www.radiopresidenteibanez.cl\/web\/wp-json\/wp\/v2\/comments?post=15297"}],"version-history":[{"count":0,"href":"https:\/\/www.radiopresidenteibanez.cl\/web\/wp-json\/wp\/v2\/posts\/15297\/revisions"}],"wp:featuredmedia":[{"embeddable":true,"href":"https:\/\/www.radiopresidenteibanez.cl\/web\/wp-json\/wp\/v2\/media\/15298"}],"wp:attachment":[{"href":"https:\/\/www.radiopresidenteibanez.cl\/web\/wp-json\/wp\/v2\/media?parent=15297"}],"wp:term":[{"taxonomy":"category","embeddable":true,"href":"https:\/\/www.radiopresidenteibanez.cl\/web\/wp-json\/wp\/v2\/categories?post=15297"},{"taxonomy":"post_tag","embeddable":true,"href":"https:\/\/www.radiopresidenteibanez.cl\/web\/wp-json\/wp\/v2\/tags?post=15297"}],"curies":[{"name":"wp","href":"https:\/\/api.w.org\/{rel}","templated":true}]}}