{"id":15294,"date":"2020-10-19T03:15:52","date_gmt":"2020-10-19T03:15:52","guid":{"rendered":"https:\/\/www.radiopresidenteibanez.cl\/web\/?p=15294"},"modified":"2020-10-18T18:27:18","modified_gmt":"2020-10-18T18:27:18","slug":"convenio-entre-cft-estatal-de-magallanes-y-chilevalora-facilita-la-formacion-de-trabajadores-certificados-en-carreras-necesarias-para-la-region","status":"publish","type":"post","link":"https:\/\/www.radiopresidenteibanez.cl\/web\/convenio-entre-cft-estatal-de-magallanes-y-chilevalora-facilita-la-formacion-de-trabajadores-certificados-en-carreras-necesarias-para-la-region\/","title":{"rendered":"CONVENIO ENTRE CFT ESTATAL DE MAGALLANES Y CHILEVALORA FACILITA LA FORMACI\u00d3N DE TRABAJADORES CERTIFICADOS, EN CARRERAS NECESARIAS PARA LA REGI\u00d3N"},"content":{"rendered":"\n<p>El convenio recientemente firmado entre el CFT Estatal de Magallanes y Ant\u00e1rtica Chilena y la entidad p\u00fablica ChileValora, avanza en su desarrollo estrenando las primeras carreras que permiten el reconocimiento del certificado de competencias laborales de trabajadores para ingresar a estudiar al centro, permiti\u00e9ndoles convalidar asignaturas y disminuir la carga acad\u00e9mica para obtener su t\u00edtulo t\u00e9cnico profesional.<\/p>\n\n\n\n<p>Es as\u00ed como las carreras de T\u00e9cnico en Administraci\u00f3n de Sistemas Log\u00edsticos y&nbsp; T\u00e9cnico en Turismo reconocer\u00e1n en sus planes de estudios a trabajadores que cuenten con el certificado de ChileValora como Gu\u00eda de Turismo General, Informador Tur\u00edstico o Jefe de Productos Tur\u00edsticos; as\u00ed como Administrativo Log\u00edstico y Encargado de Inventario. Esto significa que las personas certificadas que ingresen a estudiar estas carreras podr\u00e1n reducir la cantidad de asignaturas o m\u00f3dulos, debido a que ya cuentan con la acreditaci\u00f3n de poseer los conocimientos necesarios; abri\u00e9ndose, de esta manera, una oportunidad para avanzar en la formaci\u00f3n continua para el crecimiento laboral.<\/p>\n\n\n\n<p>El trabajo que realizan ambas instituciones incluye asesor\u00edas t\u00e9cnicas y busca promover el desarrollo de trayectorias laborales y formativas, poniendo a disposici\u00f3n de estudiantes y trabajadores una serie de herramientas que faciliten su ingreso a la formaci\u00f3n t\u00e9cnico profesional. Adem\u00e1s, la alianza permite optimizar los esfuerzos con foco en las necesidades espec\u00edficas de la regi\u00f3n, con el fin de contribuir al desarrollo de las empresas e instituciones locales, al crecimiento laboral y la movilidad social de sus habitantes.&nbsp;&nbsp;<\/p>\n\n\n\n<p>Para el rector del CFT de Magallanes, Christian Quezada, \u201cla firma de este convenio constituye un aporte desde nuestra Instituci\u00f3n para el fortalecimiento de la Formaci\u00f3n T\u00e9cnica en la regi\u00f3n, pues significa la apertura de oportunidades para quienes desde el entorno laboral han logrado avanzar y certificar su experiencia, viendo reconocida su trayectoria de una forma tangible que le permitir\u00e1 avances en la Educaci\u00f3n Superior T\u00e9cnica Profesional. Por otra parte a trav\u00e9s de este v\u00ednculo, seguimos trabajando alineados en materia de reconocimiento de trayectorias laborales y evaluar en un futuro, la posibilidad de constituir al CFT como Centro de Certificaci\u00f3n Laboral en la regi\u00f3n, que hasta la fecha carece de esta instancia\u201d.<\/p>\n\n\n\n<p>Por su parte, el secretario ejecutivo de ChileValora Francisco Silva destac\u00f3 el trabajo que realizaron los equipos interdisciplinarios de ambas instituciones, \u201cporque cada territorio tiene sus propias necesidades y desaf\u00edos, por lo que cada acci\u00f3n debe responder a ellas y a las necesidades productivas de la zona. Desde ChileValora impulsamos un di\u00e1logo permanente entre sectores productivos, formativos y el Estado, que aporte pertinencia en la aplicaci\u00f3n de pol\u00edticas y permita visualizar de mejor manera las demandas del mundo del trabajo\u201d y agreg\u00f3 que \u201ceste trabajo colaborativo permite ofrecer a los habitantes de la regi\u00f3n m\u00e1s opciones para su desarrollo formativo y laboral\u201d.<\/p>\n\n\n\n<p><strong>Carreras y campo ocupacional<\/strong><\/p>\n\n\n\n<p>La carrera de Turismo que imparte el CFT Estatal de Magallanes otorga conocimientos que permiten dise\u00f1ar y operar distintos productos tur\u00edsticos, cuyo foco es la promoci\u00f3n del patrimonio natural, cultural, gastron\u00f3mico y \u00e9tnico. Incorporando, adem\u00e1s, el uso de tecnolog\u00edas de la informaci\u00f3n y comunicaciones, permitiendo que su campo ocupacional se encuentre en diversas organizaciones del sector tur\u00edstico, como agencias de viajes, empresas de transporte tur\u00edstico, tour operador, consultoras tur\u00edsticas, oficinas de turismo, museos, centros de eventos, apoyo en la operaci\u00f3n de rutas tur\u00edsticas,&nbsp; y proyectos inmobiliarios asociados a destinos regionales, entre otros.<\/p>\n\n\n\n<p>Por su parte, la carrera de Administraci\u00f3n de Sistemas Log\u00edsticos se centra en las capacidades para administrar y ejecutar operaciones de abastecimiento, almacenamiento, inventario, transporte y distribuci\u00f3n, desde el proveedor hasta el cliente final; teniendo un campo ocupacional que se extiende a distintas empresas del sector distribuci\u00f3n; as\u00ed como a empresas manufactureras de servicios industriales y comerciales; pudiendo, adem\u00e1s, desempe\u00f1arse en organizaciones p\u00fablicas asociadas directa e indirectamente a estas industrias.<\/p>\n","protected":false},"excerpt":{"rendered":"<p>El convenio recientemente firmado entre el CFT Estatal de Magallanes y Ant\u00e1rtica Chilena y la entidad p\u00fablica ChileValora, avanza en su desarrollo estrenando las primeras carreras que permiten el reconocimiento&#8230; <a class=\"read-more\" href=\"https:\/\/www.radiopresidenteibanez.cl\/web\/convenio-entre-cft-estatal-de-magallanes-y-chilevalora-facilita-la-formacion-de-trabajadores-certificados-en-carreras-necesarias-para-la-region\/\">Leer m\u00e1s<\/a><\/p>\n","protected":false},"author":2,"featured_media":15295,"comment_status":"closed","ping_status":"closed","sticky":false,"template":"","format":"standard","meta":{"footnotes":""},"categories":[1],"tags":[],"class_list":["post-15294","post","type-post","status-publish","format-standard","has-post-thumbnail","hentry","category-cronica"],"_links":{"self":[{"href":"https:\/\/www.radiopresidenteibanez.cl\/web\/wp-json\/wp\/v2\/posts\/15294","targetHints":{"allow":["GET"]}}],"collection":[{"href":"https:\/\/www.radiopresidenteibanez.cl\/web\/wp-json\/wp\/v2\/posts"}],"about":[{"href":"https:\/\/www.radiopresidenteibanez.cl\/web\/wp-json\/wp\/v2\/types\/post"}],"author":[{"embeddable":true,"href":"https:\/\/www.radiopresidenteibanez.cl\/web\/wp-json\/wp\/v2\/users\/2"}],"replies":[{"embeddable":true,"href":"https:\/\/www.radiopresidenteibanez.cl\/web\/wp-json\/wp\/v2\/comments?post=15294"}],"version-history":[{"count":0,"href":"https:\/\/www.radiopresidenteibanez.cl\/web\/wp-json\/wp\/v2\/posts\/15294\/revisions"}],"wp:featuredmedia":[{"embeddable":true,"href":"https:\/\/www.radiopresidenteibanez.cl\/web\/wp-json\/wp\/v2\/media\/15295"}],"wp:attachment":[{"href":"https:\/\/www.radiopresidenteibanez.cl\/web\/wp-json\/wp\/v2\/media?parent=15294"}],"wp:term":[{"taxonomy":"category","embeddable":true,"href":"https:\/\/www.radiopresidenteibanez.cl\/web\/wp-json\/wp\/v2\/categories?post=15294"},{"taxonomy":"post_tag","embeddable":true,"href":"https:\/\/www.radiopresidenteibanez.cl\/web\/wp-json\/wp\/v2\/tags?post=15294"}],"curies":[{"name":"wp","href":"https:\/\/api.w.org\/{rel}","templated":true}]}}