{"id":15291,"date":"2020-10-19T03:00:00","date_gmt":"2020-10-19T03:00:00","guid":{"rendered":"https:\/\/www.radiopresidenteibanez.cl\/web\/?p=15291"},"modified":"2020-10-18T18:24:35","modified_gmt":"2020-10-18T18:24:35","slug":"serviu-ya-cuenta-con-aprobacion-de-contraloria-para-la-construccion-de-194-viviendas-en-natales","status":"publish","type":"post","link":"https:\/\/www.radiopresidenteibanez.cl\/web\/serviu-ya-cuenta-con-aprobacion-de-contraloria-para-la-construccion-de-194-viviendas-en-natales\/","title":{"rendered":"SERVIU YA CUENTA CON APROBACI\u00d3N DE CONTRALOR\u00cdA PARA LA CONSTRUCCI\u00d3N DE 194 VIVIENDAS EN NATALES"},"content":{"rendered":"\n<p>Tras avanzar en una serie de procesos administrativos,\nel Servicio de Vivienda y Urbanizaci\u00f3n (Serviu) adjudicar\u00e1 la construcci\u00f3n del\nloteo Natales Oriente etapa 2 y 3 en Puerto Natales, para las agrupaciones Sol\ndel Pac\u00edfico, con 113 integrantes y Brisas del Mar con 81 beneficiarios.<\/p>\n\n\n\n<p>El director regional de Serviu Dubalio P\u00e9rez, dio la\nnoticia de la toma de raz\u00f3n de Contralor\u00eda del proceso de licitaci\u00f3n, a las\ndirectivas de ambas agrupaciones, acompa\u00f1ado por el gobernador de \u00daltima\nEsperanza, Ra\u00fal Suazo y la jefa del departamento provincial de Serviu, Carolina\nPrat.<\/p>\n\n\n\n<p>En la instancia virtual, el director de Serviu tambi\u00e9n\nofreci\u00f3 disculpas a las familias por la larga espera que se arrastraba de la\nadministraci\u00f3n anterior, al contar con sus subsidios desde el a\u00f1o 2017. \u201ccomo\nnos comprometimos con los vecinos esto quedaba resuelto en este gobierno y\nestamos cumpliendo con ese compromiso, ya que hoy al contar con la toma de\nraz\u00f3n de la adjudicaci\u00f3n y contrato estamos con los procesos administrativos\nlistos para poder dar inicio a las obras de construcci\u00f3n dentro de presente\na\u00f1o, por ello estamos muy felices de darle hoy la noticia a las familias\u201d.<\/p>\n\n\n\n<p>Mientras, el gobernador Ra\u00fal Suazo agradeci\u00f3 \u201cla\npaciencia, podr\u00eda haber terminado en otras condiciones toda esta tensa espera\nque hubo, m\u00e1s en estas condiciones de pandemia, mucha gente est\u00e1 muy al l\u00edmite\nen t\u00e9rminos de arriendo y tantas realidades que hoy nos tienen muy afectados.\nQuisiera agradecer el trabajo de Serviu, porque uno lo vio, que nunca no hubo\nun \u00e1nimo de tramitar, la verdad que todo el tiempo estuvieron trabajando para\nagilizar todo lo que se pudiese\u201d.<\/p>\n\n\n\n<p>Los representantes de las agrupaciones Sol del Pac\u00edfico\ny Brisas del Mar, agradecieron la gesti\u00f3n de las autoridades locales y\nregionales, por el avance concreto para la construcci\u00f3n de las viviendas y se\nmanifestaron conformes y felices por las familias que han esperado tanto tiempo\ny hoy ven m\u00e1s cerca el inicio de los trabajos.&nbsp;\n<\/p>\n\n\n\n<p>Las obras, por un monto superior a los 10 mil millones\nde pesos, se adjudicaron a la empresa Salfa, para la construcci\u00f3n de 194\nviviendas en el terreno contiguo a la poblaci\u00f3n Kajeco y la ejecuci\u00f3n comenzar\u00e1\nen los pr\u00f3ximos meses, una vez definidos aspectos t\u00e9cnicos para la urbanizaci\u00f3n\ndel loteo y dentro de este mes se dar\u00e1 inicio con las obras preliminares del\nproyecto.<\/p>\n\n\n\n<p>El loteo, financiado con subsidio del Fondo Solidario\nde Elecci\u00f3n de Vivienda del Ministerio de Vivienda y Urbanismo y cofinanciado\npor el Gobierno Regional a trav\u00e9s del FNDR, considera viviendas de dos pisos,\nde 65 m2, \u00e1reas verdes y equipamiento comunitario en un terreno de cuatro\nhect\u00e1reas.<\/p>\n","protected":false},"excerpt":{"rendered":"<p>Tras avanzar en una serie de procesos administrativos, el Servicio de Vivienda y Urbanizaci\u00f3n (Serviu) adjudicar\u00e1 la construcci\u00f3n del loteo Natales Oriente etapa 2 y 3 en Puerto Natales, para&#8230; <a class=\"read-more\" href=\"https:\/\/www.radiopresidenteibanez.cl\/web\/serviu-ya-cuenta-con-aprobacion-de-contraloria-para-la-construccion-de-194-viviendas-en-natales\/\">Leer m\u00e1s<\/a><\/p>\n","protected":false},"author":2,"featured_media":15292,"comment_status":"closed","ping_status":"closed","sticky":false,"template":"","format":"standard","meta":{"footnotes":""},"categories":[1],"tags":[],"class_list":["post-15291","post","type-post","status-publish","format-standard","has-post-thumbnail","hentry","category-cronica"],"_links":{"self":[{"href":"https:\/\/www.radiopresidenteibanez.cl\/web\/wp-json\/wp\/v2\/posts\/15291","targetHints":{"allow":["GET"]}}],"collection":[{"href":"https:\/\/www.radiopresidenteibanez.cl\/web\/wp-json\/wp\/v2\/posts"}],"about":[{"href":"https:\/\/www.radiopresidenteibanez.cl\/web\/wp-json\/wp\/v2\/types\/post"}],"author":[{"embeddable":true,"href":"https:\/\/www.radiopresidenteibanez.cl\/web\/wp-json\/wp\/v2\/users\/2"}],"replies":[{"embeddable":true,"href":"https:\/\/www.radiopresidenteibanez.cl\/web\/wp-json\/wp\/v2\/comments?post=15291"}],"version-history":[{"count":0,"href":"https:\/\/www.radiopresidenteibanez.cl\/web\/wp-json\/wp\/v2\/posts\/15291\/revisions"}],"wp:featuredmedia":[{"embeddable":true,"href":"https:\/\/www.radiopresidenteibanez.cl\/web\/wp-json\/wp\/v2\/media\/15292"}],"wp:attachment":[{"href":"https:\/\/www.radiopresidenteibanez.cl\/web\/wp-json\/wp\/v2\/media?parent=15291"}],"wp:term":[{"taxonomy":"category","embeddable":true,"href":"https:\/\/www.radiopresidenteibanez.cl\/web\/wp-json\/wp\/v2\/categories?post=15291"},{"taxonomy":"post_tag","embeddable":true,"href":"https:\/\/www.radiopresidenteibanez.cl\/web\/wp-json\/wp\/v2\/tags?post=15291"}],"curies":[{"name":"wp","href":"https:\/\/api.w.org\/{rel}","templated":true}]}}