{"id":15279,"date":"2020-10-16T17:16:02","date_gmt":"2020-10-16T17:16:02","guid":{"rendered":"https:\/\/www.radiopresidenteibanez.cl\/web\/?p=15279"},"modified":"2020-10-16T17:16:08","modified_gmt":"2020-10-16T17:16:08","slug":"seremi-de-gobierno-dio-positivo-a-covid-19","status":"publish","type":"post","link":"https:\/\/www.radiopresidenteibanez.cl\/web\/seremi-de-gobierno-dio-positivo-a-covid-19\/","title":{"rendered":"SEREMI DE GOBIERNO DIO POSITIVO A COVID-19"},"content":{"rendered":"\n<p><strong>A trav\u00e9s de un comunicado, la Intendenta de Magallanes,\nJennifer Rojas, dio a conocer que la Secretaria Regional Ministerial de Gobierno,\nAlejandra Mu\u00f1oz Quiroz, dio positivo en su examen de PCR a Coronavirus Covid-19.\nPor lo anterior, y como indica el Ministerio de Salud, la seremi inicio un\nproceso de cuarentena durante 14 d\u00edas junto a sus contactos estrechos.<\/strong><\/p>\n\n\n\n<p><strong>Entre sus contactos y de forma preventiva la\nIntendenta Rojas, tambi\u00e9n inicio una cuarentena ya que mantuvo reuniones\ndurante los \u00faltimos d\u00edas con la Seremi.<\/strong><\/p>\n\n\n\n<p><strong>El actual Seremi de Justicia y Derechos Humanos,\nFabi\u00e1n Mella, quedar\u00e1 como intendenta subrogante, mientras que Lil Garc\u00e9s,\nSeremi de Hacienda reemplazar\u00e1 a Alejandra Mu\u00f1oz.<\/strong><\/p>\n","protected":false},"excerpt":{"rendered":"<p>A trav\u00e9s de un comunicado, la Intendenta de Magallanes, Jennifer Rojas, dio a conocer que la Secretaria Regional Ministerial de Gobierno, Alejandra Mu\u00f1oz Quiroz, dio positivo en su examen de&#8230; <a class=\"read-more\" href=\"https:\/\/www.radiopresidenteibanez.cl\/web\/seremi-de-gobierno-dio-positivo-a-covid-19\/\">Leer m\u00e1s<\/a><\/p>\n","protected":false},"author":2,"featured_media":8448,"comment_status":"closed","ping_status":"closed","sticky":false,"template":"","format":"standard","meta":{"footnotes":""},"categories":[1],"tags":[],"class_list":["post-15279","post","type-post","status-publish","format-standard","has-post-thumbnail","hentry","category-cronica"],"_links":{"self":[{"href":"https:\/\/www.radiopresidenteibanez.cl\/web\/wp-json\/wp\/v2\/posts\/15279","targetHints":{"allow":["GET"]}}],"collection":[{"href":"https:\/\/www.radiopresidenteibanez.cl\/web\/wp-json\/wp\/v2\/posts"}],"about":[{"href":"https:\/\/www.radiopresidenteibanez.cl\/web\/wp-json\/wp\/v2\/types\/post"}],"author":[{"embeddable":true,"href":"https:\/\/www.radiopresidenteibanez.cl\/web\/wp-json\/wp\/v2\/users\/2"}],"replies":[{"embeddable":true,"href":"https:\/\/www.radiopresidenteibanez.cl\/web\/wp-json\/wp\/v2\/comments?post=15279"}],"version-history":[{"count":0,"href":"https:\/\/www.radiopresidenteibanez.cl\/web\/wp-json\/wp\/v2\/posts\/15279\/revisions"}],"wp:featuredmedia":[{"embeddable":true,"href":"https:\/\/www.radiopresidenteibanez.cl\/web\/wp-json\/wp\/v2\/media\/8448"}],"wp:attachment":[{"href":"https:\/\/www.radiopresidenteibanez.cl\/web\/wp-json\/wp\/v2\/media?parent=15279"}],"wp:term":[{"taxonomy":"category","embeddable":true,"href":"https:\/\/www.radiopresidenteibanez.cl\/web\/wp-json\/wp\/v2\/categories?post=15279"},{"taxonomy":"post_tag","embeddable":true,"href":"https:\/\/www.radiopresidenteibanez.cl\/web\/wp-json\/wp\/v2\/tags?post=15279"}],"curies":[{"name":"wp","href":"https:\/\/api.w.org\/{rel}","templated":true}]}}