{"id":15259,"date":"2020-10-16T01:11:03","date_gmt":"2020-10-16T01:11:03","guid":{"rendered":"https:\/\/www.radiopresidenteibanez.cl\/web\/?p=15259"},"modified":"2020-10-16T01:11:08","modified_gmt":"2020-10-16T01:11:08","slug":"pdi-detuvo-a-un-hombre-acusado-de-violar-a-una-nina-en-punta-arenas","status":"publish","type":"post","link":"https:\/\/www.radiopresidenteibanez.cl\/web\/pdi-detuvo-a-un-hombre-acusado-de-violar-a-una-nina-en-punta-arenas\/","title":{"rendered":"PDI DETUVO A UN HOMBRE ACUSADO DE VIOLAR A UNA NI\u00d1A EN PUNTA ARENAS"},"content":{"rendered":"\n<p>La ma\u00f1ana de este jueves, detectives\nde la Brigada Investigadora de Delitos Sexuales (Brisex) de la Polic\u00eda de\nInvestigaciones, detuvieron a un sujeto de 43 a\u00f1os, imputado de violar a una\nni\u00f1a en la capital magall\u00e1nica. <\/p>\n\n\n\n<p>La aprehensi\u00f3n se materializ\u00f3 en el\nsector sur de la ciudad, dando cumplimiento a una orden de detenci\u00f3n por el\ndelito de violaci\u00f3n de menor de 14 a\u00f1os, emanada por el Juzgado de Garant\u00eda de\nPunta Arenas. <\/p>\n\n\n\n<p>Al respecto, desde la PDI se\u00f1alaron\nque la investigaci\u00f3n se inici\u00f3 cuando una ni\u00f1a de 9 a\u00f1os devel\u00f3 haber sido\nv\u00edctima de agresiones sexuales por parte de la pareja de su abuela materna.<\/p>\n\n\n\n<p>\u201cEn conjunto con el Ministerio P\u00fablico\nde esta ciudad se realizaron diversas diligencias investigativas tales como\ndeclaraciones policiales, empadronamiento de testigos, examen sexol\u00f3gico y la\nEntrevista investigativa Videograbada, la cual result\u00f3 fundamental para\nposicionar al imputado dentro de esta investigaci\u00f3n\u201d, indic\u00f3 el subcomisario\nCarlos Anton\u00edn, jefe de la Brisex Punta Arenas. <\/p>\n\n\n\n<p>Durante este jueves el imputado ser\u00e1\npuesto a disposici\u00f3n del Juzgado de Garant\u00eda para enfrentar la respectiva\naudiencia de control de detenci\u00f3n por medio de videollamada, debido a la actual\nemergencia sanitaria. <\/p>\n","protected":false},"excerpt":{"rendered":"<p>La ma\u00f1ana de este jueves, detectives de la Brigada Investigadora de Delitos Sexuales (Brisex) de la Polic\u00eda de Investigaciones, detuvieron a un sujeto de 43 a\u00f1os, imputado de violar a&#8230; <a class=\"read-more\" href=\"https:\/\/www.radiopresidenteibanez.cl\/web\/pdi-detuvo-a-un-hombre-acusado-de-violar-a-una-nina-en-punta-arenas\/\">Leer m\u00e1s<\/a><\/p>\n","protected":false},"author":2,"featured_media":15260,"comment_status":"closed","ping_status":"closed","sticky":false,"template":"","format":"standard","meta":{"footnotes":""},"categories":[1],"tags":[],"class_list":["post-15259","post","type-post","status-publish","format-standard","has-post-thumbnail","hentry","category-cronica"],"_links":{"self":[{"href":"https:\/\/www.radiopresidenteibanez.cl\/web\/wp-json\/wp\/v2\/posts\/15259","targetHints":{"allow":["GET"]}}],"collection":[{"href":"https:\/\/www.radiopresidenteibanez.cl\/web\/wp-json\/wp\/v2\/posts"}],"about":[{"href":"https:\/\/www.radiopresidenteibanez.cl\/web\/wp-json\/wp\/v2\/types\/post"}],"author":[{"embeddable":true,"href":"https:\/\/www.radiopresidenteibanez.cl\/web\/wp-json\/wp\/v2\/users\/2"}],"replies":[{"embeddable":true,"href":"https:\/\/www.radiopresidenteibanez.cl\/web\/wp-json\/wp\/v2\/comments?post=15259"}],"version-history":[{"count":0,"href":"https:\/\/www.radiopresidenteibanez.cl\/web\/wp-json\/wp\/v2\/posts\/15259\/revisions"}],"wp:featuredmedia":[{"embeddable":true,"href":"https:\/\/www.radiopresidenteibanez.cl\/web\/wp-json\/wp\/v2\/media\/15260"}],"wp:attachment":[{"href":"https:\/\/www.radiopresidenteibanez.cl\/web\/wp-json\/wp\/v2\/media?parent=15259"}],"wp:term":[{"taxonomy":"category","embeddable":true,"href":"https:\/\/www.radiopresidenteibanez.cl\/web\/wp-json\/wp\/v2\/categories?post=15259"},{"taxonomy":"post_tag","embeddable":true,"href":"https:\/\/www.radiopresidenteibanez.cl\/web\/wp-json\/wp\/v2\/tags?post=15259"}],"curies":[{"name":"wp","href":"https:\/\/api.w.org\/{rel}","templated":true}]}}