{"id":15255,"date":"2020-10-15T23:23:07","date_gmt":"2020-10-15T23:23:07","guid":{"rendered":"https:\/\/www.radiopresidenteibanez.cl\/web\/?p=15255"},"modified":"2020-10-15T23:23:11","modified_gmt":"2020-10-15T23:23:11","slug":"core-magallanes-solicita-priorizar-proyectos-que-contribuyan-a-mitigar-efectos-socioeconomicos-de-la-pandemia-y-no-aprueba-compra-de-vehiculos-policiales","status":"publish","type":"post","link":"https:\/\/www.radiopresidenteibanez.cl\/web\/core-magallanes-solicita-priorizar-proyectos-que-contribuyan-a-mitigar-efectos-socioeconomicos-de-la-pandemia-y-no-aprueba-compra-de-vehiculos-policiales\/","title":{"rendered":"CORE MAGALLANES SOLICITA PRIORIZAR PROYECTOS QUE CONTRIBUYAN A MITIGAR EFECTOS SOCIOECON\u00d3MICOS DE LA PANDEMIA Y NO APRUEBA COMPRA DE VEH\u00cdCULOS POLICIALES"},"content":{"rendered":"\n<p>En reiteradas oportunidades los\nintegrantes del CORE han solicitado el Ejecutivo del Gobierno Regional priorizar\nuna cartera de proyectos que responda a las problem\u00e1ticas socioecon\u00f3micas\nderivadas del COVID-19 en Magallanes y desde que se present\u00f3 el primer caso de\ncontagio se encuentran trabajando para que las ayudas lleguen a tiempo, logrando\ntempranamente aprobar recursos para&nbsp; ayudas\nsociales, fortalecer la salud p\u00fablica, las peque\u00f1as empresas y proyectos que promuevan&nbsp; la generaci\u00f3n de empleo. <\/p>\n\n\n\n<p>En la sesi\u00f3n plenaria de este mi\u00e9rcoles\nlos consejeros y consejeras, insistieron en la necesidad de focalizar recursos\npara las necesidades m\u00e1s urgentes y enviaron una se\u00f1al respecto a cuales son\nlas iniciativas que en medio de la pandemia deber\u00edan llegar a la mesa del\nConsejo Regional, al no aprobar por mayor\u00eda de votos (doce contra dos) la\ncompra de diecisiete veh\u00edculos policiales para Carabineros por un monto de 627\nmillones 445 mil pesos. Asimismo instaron a los ministerios e instituciones que\nsolicitan fondos regionales a contribuir con parte del costo total del\nproyecto.<\/p>\n\n\n\n<p>Seg\u00fan expres\u00f3 el presidente\ndel CORE, Alejandro Kusanovic, \u201cesto es preocupante en dos aspectos, primero por\nlo que estamos viviendo que es muy complicado y segundo que se est\u00e1\ntransformando en algo rutinario solicitar recursos regionales sin un aporte\nsectorial que deber\u00eda ser al menos de un cincuenta por ciento de parte del ministerio\ndel Interior\u201d.<\/p>\n\n\n\n<p>Por su parte el presidente de\nla comisi\u00f3n Infraestructura, Miguel Sierpe, se\u00f1al\u00f3 que \u201cestas solicitudes se\nhan transformado en algo constante y anteriormente hemos concurrido con nuestro\nvoto para la compra de veh\u00edculos y otras iniciativas. No obstante hoy vemos la\nausencia tanto del ministerio del Interior y de Carabineros mientras para otras\nregiones hay mucha ayuda y preocupaci\u00f3n. Adem\u00e1s hab\u00eda un compromiso anterior de\ninvertir en la regi\u00f3n once mil quinientos millones de pesos en proyectos que\nfueron presentados al Consejo lo cual todav\u00eda no se cumple\u201d.<\/p>\n\n\n\n<p>En tanto la consejera, Roxana\nGallardo, manifest\u00f3 \u201clamento que este proyecto se presente en un momento en que\ncomprar una flota de veh\u00edculos no es prioritario y no creo que eso asegure que\nno habr\u00e1n desordenes p\u00fablicos. En su minuto, se intent\u00f3 consensuar la compra de\nretenes m\u00f3viles que son m\u00e1s \u00fatiles para la comunidad, m\u00e1s ahora que vemos\ntantos vecinos desplazarse al gimnasio de Carabineros para solicitar sus\npermisos. No sabemos hasta cu\u00e1ndo durar\u00e1 esta &nbsp;pandemia y si nos seguir\u00e1 afectando de manera\ntan brutal por tanto no es momento\u201d, insisti\u00f3.&nbsp;\n<\/p>\n\n\n\n<p>Finalmente el consejero de \u00daltima\nEsperanza, Tolentino Soto, record\u00f3 que el CORE anterior patrocin\u00f3 la compra de\nveh\u00edculos tanto para Carabineros como para la Polic\u00eda de Investigaciones, sin\nembargo \u201choy es inoportuno considerar esta inversi\u00f3n, m\u00e1s bien tenemos que ver\nque hay un mont\u00f3n de gente que ha perdido fuentes laborales y pensar en c\u00f3mo\nllegar con recursos a estos hogares. Creo que este proyecto puede retomarse en\nel futuro, teniendo en consideraci\u00f3n que tanto el ministerio del Interior como\nCarabineros pueden tener participaci\u00f3n ya que financiar de manera tripartita es\nm\u00e1s f\u00e1cil y m\u00e1s justo\u201d, concluy\u00f3. <\/p>\n","protected":false},"excerpt":{"rendered":"<p>En reiteradas oportunidades los integrantes del CORE han solicitado el Ejecutivo del Gobierno Regional priorizar una cartera de proyectos que responda a las problem\u00e1ticas socioecon\u00f3micas derivadas del COVID-19 en Magallanes&#8230; <a class=\"read-more\" href=\"https:\/\/www.radiopresidenteibanez.cl\/web\/core-magallanes-solicita-priorizar-proyectos-que-contribuyan-a-mitigar-efectos-socioeconomicos-de-la-pandemia-y-no-aprueba-compra-de-vehiculos-policiales\/\">Leer m\u00e1s<\/a><\/p>\n","protected":false},"author":2,"featured_media":15256,"comment_status":"closed","ping_status":"closed","sticky":false,"template":"","format":"standard","meta":{"footnotes":""},"categories":[1],"tags":[],"class_list":["post-15255","post","type-post","status-publish","format-standard","has-post-thumbnail","hentry","category-cronica"],"_links":{"self":[{"href":"https:\/\/www.radiopresidenteibanez.cl\/web\/wp-json\/wp\/v2\/posts\/15255","targetHints":{"allow":["GET"]}}],"collection":[{"href":"https:\/\/www.radiopresidenteibanez.cl\/web\/wp-json\/wp\/v2\/posts"}],"about":[{"href":"https:\/\/www.radiopresidenteibanez.cl\/web\/wp-json\/wp\/v2\/types\/post"}],"author":[{"embeddable":true,"href":"https:\/\/www.radiopresidenteibanez.cl\/web\/wp-json\/wp\/v2\/users\/2"}],"replies":[{"embeddable":true,"href":"https:\/\/www.radiopresidenteibanez.cl\/web\/wp-json\/wp\/v2\/comments?post=15255"}],"version-history":[{"count":0,"href":"https:\/\/www.radiopresidenteibanez.cl\/web\/wp-json\/wp\/v2\/posts\/15255\/revisions"}],"wp:featuredmedia":[{"embeddable":true,"href":"https:\/\/www.radiopresidenteibanez.cl\/web\/wp-json\/wp\/v2\/media\/15256"}],"wp:attachment":[{"href":"https:\/\/www.radiopresidenteibanez.cl\/web\/wp-json\/wp\/v2\/media?parent=15255"}],"wp:term":[{"taxonomy":"category","embeddable":true,"href":"https:\/\/www.radiopresidenteibanez.cl\/web\/wp-json\/wp\/v2\/categories?post=15255"},{"taxonomy":"post_tag","embeddable":true,"href":"https:\/\/www.radiopresidenteibanez.cl\/web\/wp-json\/wp\/v2\/tags?post=15255"}],"curies":[{"name":"wp","href":"https:\/\/api.w.org\/{rel}","templated":true}]}}