{"id":15243,"date":"2020-10-15T17:52:31","date_gmt":"2020-10-15T17:52:31","guid":{"rendered":"https:\/\/www.radiopresidenteibanez.cl\/web\/?p=15243"},"modified":"2020-10-15T17:52:41","modified_gmt":"2020-10-15T17:52:41","slug":"evaluacion-de-nuestra-audiencia-acerca-de-las-capsulas-emitidas-sobre-el-covid-19","status":"publish","type":"post","link":"https:\/\/www.radiopresidenteibanez.cl\/web\/evaluacion-de-nuestra-audiencia-acerca-de-las-capsulas-emitidas-sobre-el-covid-19\/","title":{"rendered":"EVALUACI\u00d3N DE NUESTRA AUDIENCIA ACERCA DE LAS C\u00c1PSULAS EMITIDAS SOBRE EL COVID-19"},"content":{"rendered":"\n<p>Para nosotros, es importante que puedas contestar una breve encuesta sobre nuestras c\u00e1psulas emitidas en tv-red, respecto a la prevenci\u00f3n y auto cuidado del Covid-19.<\/p>\n\n\n\n<p class=\"has-text-align-center has-medium-font-size\"><strong><a href=\"https:\/\/docs.google.com\/forms\/d\/e\/1FAIpQLSfE6XyGvkqau4NM0pHQAv7GKHZF2gT98FbBhpXwKR4b0WnrYg\/viewform\" target=\"_blank\" rel=\"noreferrer noopener\" aria-label=\"HAZ CLIC AQU\u00cd PARA CONTESTAR LA ENCUESTA (se abre en una nueva pesta\u00f1a)\">HAZ CLIC AQU\u00cd PARA CONTESTAR LA ENCUESTA<\/a><\/strong><\/p>\n\n\n\n<p>Muchas Gracias !!<br><strong>Radio Presidente Iba\u00f1ez<\/strong><\/p>\n","protected":false},"excerpt":{"rendered":"<p>Para nosotros, es importante que puedas contestar una breve encuesta sobre nuestras c\u00e1psulas emitidas en tv-red, respecto a la prevenci\u00f3n y auto cuidado del Covid-19. HAZ CLIC AQU\u00cd PARA CONTESTAR&#8230; <a class=\"read-more\" href=\"https:\/\/www.radiopresidenteibanez.cl\/web\/evaluacion-de-nuestra-audiencia-acerca-de-las-capsulas-emitidas-sobre-el-covid-19\/\">Leer m\u00e1s<\/a><\/p>\n","protected":false},"author":1,"featured_media":15244,"comment_status":"closed","ping_status":"closed","sticky":false,"template":"","format":"standard","meta":{"footnotes":""},"categories":[1],"tags":[],"class_list":["post-15243","post","type-post","status-publish","format-standard","has-post-thumbnail","hentry","category-cronica"],"_links":{"self":[{"href":"https:\/\/www.radiopresidenteibanez.cl\/web\/wp-json\/wp\/v2\/posts\/15243","targetHints":{"allow":["GET"]}}],"collection":[{"href":"https:\/\/www.radiopresidenteibanez.cl\/web\/wp-json\/wp\/v2\/posts"}],"about":[{"href":"https:\/\/www.radiopresidenteibanez.cl\/web\/wp-json\/wp\/v2\/types\/post"}],"author":[{"embeddable":true,"href":"https:\/\/www.radiopresidenteibanez.cl\/web\/wp-json\/wp\/v2\/users\/1"}],"replies":[{"embeddable":true,"href":"https:\/\/www.radiopresidenteibanez.cl\/web\/wp-json\/wp\/v2\/comments?post=15243"}],"version-history":[{"count":0,"href":"https:\/\/www.radiopresidenteibanez.cl\/web\/wp-json\/wp\/v2\/posts\/15243\/revisions"}],"wp:featuredmedia":[{"embeddable":true,"href":"https:\/\/www.radiopresidenteibanez.cl\/web\/wp-json\/wp\/v2\/media\/15244"}],"wp:attachment":[{"href":"https:\/\/www.radiopresidenteibanez.cl\/web\/wp-json\/wp\/v2\/media?parent=15243"}],"wp:term":[{"taxonomy":"category","embeddable":true,"href":"https:\/\/www.radiopresidenteibanez.cl\/web\/wp-json\/wp\/v2\/categories?post=15243"},{"taxonomy":"post_tag","embeddable":true,"href":"https:\/\/www.radiopresidenteibanez.cl\/web\/wp-json\/wp\/v2\/tags?post=15243"}],"curies":[{"name":"wp","href":"https:\/\/api.w.org\/{rel}","templated":true}]}}