{"id":15231,"date":"2020-10-15T01:51:28","date_gmt":"2020-10-15T01:51:28","guid":{"rendered":"https:\/\/www.radiopresidenteibanez.cl\/web\/?p=15231"},"modified":"2020-10-15T01:51:33","modified_gmt":"2020-10-15T01:51:33","slug":"fortalecimiento-de-residencias-sanitarias-equipo-clinico-y-buses-de-transporte-para-usuarios","status":"publish","type":"post","link":"https:\/\/www.radiopresidenteibanez.cl\/web\/fortalecimiento-de-residencias-sanitarias-equipo-clinico-y-buses-de-transporte-para-usuarios\/","title":{"rendered":"FORTALECIMIENTO DE RESIDENCIAS SANITARIAS: EQUIPO CL\u00cdNICO Y BUSES DE TRANSPORTE PARA USUARIOS"},"content":{"rendered":"\n<p>Las residencias sanitarias son un\nmecanismo para controlar la propagaci\u00f3n del Covid-19 y busca ser una continuidad\ndel domicilio de los pacientes. Estas no constituyen una interacci\u00f3n de\ncar\u00e1cter hospitalario, sin embargo, desde la Seremi de Salud se ha dispuesto\nuna oferta de atenci\u00f3n de salud f\u00edsica y mental para las personas que hagan uso\nde esta estrategia de aislamiento.<\/p>\n\n\n\n<p>&nbsp;&nbsp;La estrategia\nde residencia sanitaria posibilita que los casos positivos, contactos estrechos\ny casos probables que no cuenten en sus domicilios con las condiciones de\ninfraestructura y habitabilidad id\u00f3neas, puedan cumplir en estos espacios\nadecuadamente su aislamiento. Estas disponen de habitaciones individuales, con\nba\u00f1o privado y conexi\u00f3n a wifi. El alojamiento incluye alimentaci\u00f3n con minutas\nsupervisadas por profesionales de la nutrici\u00f3n. <\/p>\n\n\n\n<p>&nbsp;Importante es se\u00f1alar que todo el servicio\nentregado a los usuarios es gratuito y permite que el aislamiento se realice\nactivamente, cortando las posibilidades que el virus que contagi\u00f3 a dicho\npaciente, siga contagiando a otros.<\/p>\n\n\n\n<p>Al respecto el Seremi de Salud (s)\nMagallanes, Eduardo Castillo se\u00f1al\u00f3 que: \u201cLas residencias sanitarias son parte\nfundamental de la estrategia de Testeo, Trazabilidad y Aislamiento (TTA), en\nMagallanes existe una oferta de once residencias sanitarias con un total de 204\nhabitaciones: 7 en Punta Arenas, 2 en Puerto Natales, 1 en Porvenir, 1 en\nPuerto Williams. Uno de los aspectos principales era poder garantizar el\ntraslado de pacientes por lo tanto con esta flota y el nuevo personal cl\u00ednico\npodemos dar respuesta a esa atenci\u00f3n. Esperamos poder abrir nuevas residencias\nen Punta Arenas y provincias\u201d. <\/p>\n\n\n\n<p>En tanto, Ana Mar\u00eda Vargas, psic\u00f3loga\nde la unidad de soporte cl\u00ednico y psicol\u00f3gico de residencias sanitarias agreg\u00f3\nque: \u201cRealizamos apoyo en la contenci\u00f3n emocional para profesionales que\ntrabajan en residencias sanitarias y el apoyo psicol\u00f3gico para los usuarios de\nestas residencias, tanto para la contenci\u00f3n emocional, diagn\u00f3stico, eventual\nderivaci\u00f3n pertinente o acompa\u00f1amiento durante su permanencia en las\nresidencias sanitarias\u201d. <\/p>\n\n\n\n<p>El equipo humano que trabaja en para\nresidencias sanitarias ha sido triplicado gracias al incremento de recursos por\nparte del Ministerio de Salud&nbsp; y han\nposibilitado mejorar otros aspectos tan importantes como el transporte de los\npacientes. Actualmente son cerca de 100 personas que trabajan exclusivamente en\nresidencia sanitarias, entre ellos m\u00e9dicos, enfermeros, kinesi\u00f3logos,\npsic\u00f3logos, nutricionistas, trabajadores sociales, prevencionista de riesgo,\nTens y personal de apoyo. <\/p>\n\n\n\n<p>Karina Vivar, enfermera encargada de\ngesti\u00f3n cl\u00ednica de residencias sanitarias en Magallanes puntualiz\u00f3 que: \u201cLas\nresidencias son de acceso universal, todos pueden ingresar a ella excepto\nquienes no sean autovalentes o tengan enfermedades cr\u00f3nicas descompensadas.\nNosotros estamos disponibles las 24 horas ya sea para traslado, ingreso o\negreso a las residencias. El usuario que desee pasar su aislamiento en\nresidencia sanitaria solo debe llevar su ropa y art\u00edculos de aseo\u201d. <\/p>\n\n\n\n<p>Las\nresidencias sanitarias han sido fortalecidas y principalmente &nbsp;por ser &nbsp;uno de los ejes de la Estrategia de Testeo,\nTrazabilidad y Aislamiento (TTA). Para acceder a residencias sanitarias se debe\nescribir a <a href=\"mailto:residencia.sanitaria@redsalud.gov.cl\">residencia.sanitaria@redsalud.gov.cl<\/a> o al tel\u00e9fono 800726666.<\/p>\n","protected":false},"excerpt":{"rendered":"<p>Las residencias sanitarias son un mecanismo para controlar la propagaci\u00f3n del Covid-19 y busca ser una continuidad del domicilio de los pacientes. Estas no constituyen una interacci\u00f3n de car\u00e1cter hospitalario,&#8230; <a class=\"read-more\" href=\"https:\/\/www.radiopresidenteibanez.cl\/web\/fortalecimiento-de-residencias-sanitarias-equipo-clinico-y-buses-de-transporte-para-usuarios\/\">Leer m\u00e1s<\/a><\/p>\n","protected":false},"author":2,"featured_media":15232,"comment_status":"closed","ping_status":"closed","sticky":false,"template":"","format":"standard","meta":{"footnotes":""},"categories":[1],"tags":[],"class_list":["post-15231","post","type-post","status-publish","format-standard","has-post-thumbnail","hentry","category-cronica"],"_links":{"self":[{"href":"https:\/\/www.radiopresidenteibanez.cl\/web\/wp-json\/wp\/v2\/posts\/15231","targetHints":{"allow":["GET"]}}],"collection":[{"href":"https:\/\/www.radiopresidenteibanez.cl\/web\/wp-json\/wp\/v2\/posts"}],"about":[{"href":"https:\/\/www.radiopresidenteibanez.cl\/web\/wp-json\/wp\/v2\/types\/post"}],"author":[{"embeddable":true,"href":"https:\/\/www.radiopresidenteibanez.cl\/web\/wp-json\/wp\/v2\/users\/2"}],"replies":[{"embeddable":true,"href":"https:\/\/www.radiopresidenteibanez.cl\/web\/wp-json\/wp\/v2\/comments?post=15231"}],"version-history":[{"count":0,"href":"https:\/\/www.radiopresidenteibanez.cl\/web\/wp-json\/wp\/v2\/posts\/15231\/revisions"}],"wp:featuredmedia":[{"embeddable":true,"href":"https:\/\/www.radiopresidenteibanez.cl\/web\/wp-json\/wp\/v2\/media\/15232"}],"wp:attachment":[{"href":"https:\/\/www.radiopresidenteibanez.cl\/web\/wp-json\/wp\/v2\/media?parent=15231"}],"wp:term":[{"taxonomy":"category","embeddable":true,"href":"https:\/\/www.radiopresidenteibanez.cl\/web\/wp-json\/wp\/v2\/categories?post=15231"},{"taxonomy":"post_tag","embeddable":true,"href":"https:\/\/www.radiopresidenteibanez.cl\/web\/wp-json\/wp\/v2\/tags?post=15231"}],"curies":[{"name":"wp","href":"https:\/\/api.w.org\/{rel}","templated":true}]}}