{"id":15193,"date":"2020-10-13T15:12:24","date_gmt":"2020-10-13T15:12:24","guid":{"rendered":"https:\/\/www.radiopresidenteibanez.cl\/web\/?p=15193"},"modified":"2020-10-13T15:12:29","modified_gmt":"2020-10-13T15:12:29","slug":"diputado-bianchi-presenta-proyecto-de-ley-para-incorporar-a-los-podologos-al-codigo-sanitario","status":"publish","type":"post","link":"https:\/\/www.radiopresidenteibanez.cl\/web\/diputado-bianchi-presenta-proyecto-de-ley-para-incorporar-a-los-podologos-al-codigo-sanitario\/","title":{"rendered":"DIPUTADO BIANCHI PRESENTA PROYECTO DE LEY PARA INCORPORAR A LOS POD\u00d3LOGOS AL C\u00d3DIGO SANITARIO"},"content":{"rendered":"\n<p>\u201cLa funci\u00f3n\ndel pod\u00f3logo y de la pod\u00f3loga no solo es est\u00e9tica, sino que act\u00faa\nprincipalmente como complemento a otros tratamientos m\u00e9dicos, los cuales sin la\ncolaboraci\u00f3n de esta \u00e1rea de la salud ser\u00eda imposible mejorar la vida de las\npersonas\u201d, expres\u00f3 el diputado independiente.<\/p>\n\n\n\n<p>El\nproyecto de ley presentado por Bianchi se\u00f1ala que la labor de los pod\u00f3logos es\nvital en muchos aspectos de la vida cotidiana y tambi\u00e9n necesaria para lograr\nun correcto restablecimiento de la salud. <\/p>\n\n\n\n<p>El\ndocumento indica que los pod\u00f3logos \u201ccumplen labores de colaboraci\u00f3n en la\nconservaci\u00f3n, cuidado y restablecimiento de la salud y tambi\u00e9n se brindar\u00e1 una\nadecuada protecci\u00f3n laboral a quienes ejercen esta profesi\u00f3n\u201d.<\/p>\n\n\n\n<p>As\u00ed,\nla moci\u00f3n destaca que teniendo presente la crucial labor que cumple esta \u00e1rea\nde la salud, nuestro ordenamiento jur\u00eddico sanciona su mala pr\u00e1ctica de acuerdo\nal c\u00f3digo sanitario.<\/p>\n\n\n\n<p>De\nesta manera, el parlamentario menciona que \u201cla funci\u00f3n del c\u00f3digo sanitario no\nse reduce solamente a actuar como un instrumento de castigo, sino que tambi\u00e9n\ndebe cumplir una labor activa en determinar las labores de cada una de las\n\u00e1reas de la salud p\u00fablica\u201d.<\/p>\n\n\n\n<p>Adem\u00e1s,\nagrega que \u201cel hecho de que esta profesi\u00f3n est\u00e9 excluida del c\u00f3digo sanitario\ndeja en indefensi\u00f3n a quienes la ejercen en t\u00e9rminos laborales, lo que se ve\nreflejado, por ejemplo, en la imposibilidad de postular a ciertos tipos de\ntrabajos ofrecidos por el sistema p\u00fablico de salud\u201d.<\/p>\n","protected":false},"excerpt":{"rendered":"<p>\u201cLa funci\u00f3n del pod\u00f3logo y de la pod\u00f3loga no solo es est\u00e9tica, sino que act\u00faa principalmente como complemento a otros tratamientos m\u00e9dicos, los cuales sin la colaboraci\u00f3n de esta \u00e1rea&#8230; <a class=\"read-more\" href=\"https:\/\/www.radiopresidenteibanez.cl\/web\/diputado-bianchi-presenta-proyecto-de-ley-para-incorporar-a-los-podologos-al-codigo-sanitario\/\">Leer m\u00e1s<\/a><\/p>\n","protected":false},"author":2,"featured_media":5567,"comment_status":"closed","ping_status":"closed","sticky":false,"template":"","format":"standard","meta":{"footnotes":""},"categories":[1],"tags":[],"class_list":["post-15193","post","type-post","status-publish","format-standard","has-post-thumbnail","hentry","category-cronica"],"_links":{"self":[{"href":"https:\/\/www.radiopresidenteibanez.cl\/web\/wp-json\/wp\/v2\/posts\/15193","targetHints":{"allow":["GET"]}}],"collection":[{"href":"https:\/\/www.radiopresidenteibanez.cl\/web\/wp-json\/wp\/v2\/posts"}],"about":[{"href":"https:\/\/www.radiopresidenteibanez.cl\/web\/wp-json\/wp\/v2\/types\/post"}],"author":[{"embeddable":true,"href":"https:\/\/www.radiopresidenteibanez.cl\/web\/wp-json\/wp\/v2\/users\/2"}],"replies":[{"embeddable":true,"href":"https:\/\/www.radiopresidenteibanez.cl\/web\/wp-json\/wp\/v2\/comments?post=15193"}],"version-history":[{"count":0,"href":"https:\/\/www.radiopresidenteibanez.cl\/web\/wp-json\/wp\/v2\/posts\/15193\/revisions"}],"wp:featuredmedia":[{"embeddable":true,"href":"https:\/\/www.radiopresidenteibanez.cl\/web\/wp-json\/wp\/v2\/media\/5567"}],"wp:attachment":[{"href":"https:\/\/www.radiopresidenteibanez.cl\/web\/wp-json\/wp\/v2\/media?parent=15193"}],"wp:term":[{"taxonomy":"category","embeddable":true,"href":"https:\/\/www.radiopresidenteibanez.cl\/web\/wp-json\/wp\/v2\/categories?post=15193"},{"taxonomy":"post_tag","embeddable":true,"href":"https:\/\/www.radiopresidenteibanez.cl\/web\/wp-json\/wp\/v2\/tags?post=15193"}],"curies":[{"name":"wp","href":"https:\/\/api.w.org\/{rel}","templated":true}]}}