{"id":15185,"date":"2020-10-12T19:43:38","date_gmt":"2020-10-12T19:43:38","guid":{"rendered":"https:\/\/www.radiopresidenteibanez.cl\/web\/?p=15185"},"modified":"2020-10-12T19:43:44","modified_gmt":"2020-10-12T19:43:44","slug":"por-que-voto-apruebo-y-convencion-constitucional-por-eliecer-bahamondez-mansilla","status":"publish","type":"post","link":"https:\/\/www.radiopresidenteibanez.cl\/web\/por-que-voto-apruebo-y-convencion-constitucional-por-eliecer-bahamondez-mansilla\/","title":{"rendered":"POR QUE VOTO APRUEBO Y CONVENCI\u00d3N CONSTITUCIONAL por Eliecer Bahamondez Mansilla"},"content":{"rendered":"\n<p>Las chilenas y\nlos chilenos estamos interpelados el pr\u00f3ximo 25 de octubre a participar de un\nplebiscito para votar en primer lugar por aprobar o rechazar la construcci\u00f3n de\nuna nueva constituci\u00f3n, y la segunda pregunta sobre el organismo m\u00e1s id\u00f3neo\npara acometer dicha tarea, una Convenci\u00f3n Constitucional constituida en un 100%\npor ciudadanas y ciudadanos electos por voto popular o una Convenci\u00f3n Mixta\nconstituida en un 50% por parlamentarios en ejercicio y un 50% por ciudadanas o\nciudadanos electos.<\/p>\n\n\n\n<p>En esta\ninterpelaci\u00f3n afloran muchas veces los sentimientos, pensamientos, concepciones\nideol\u00f3gicas, filos\u00f3ficas, morales, \u00e9ticas e incluso religiosas que determinan\nla decisi\u00f3n que cada una y uno va a tomar ese d\u00eda.<\/p>\n\n\n\n<p>La definici\u00f3n m\u00e1s\nrepetida de lo que es una <strong>Constituci\u00f3n\nes la de Carta Magna, \u201cporque es la que rige todo el ordenamiento jur\u00eddico de\nun Estado, es decir no existe ninguna ley ordinaria que pueda estar por encima\nde ella, es por esto que es llamada Ley Suprema\u201d.<\/strong><\/p>\n\n\n\n<p>Es por tanto, la\nque nos permite construir la casa com\u00fan llamada Chile, en la que sea posible\nrepresentar la diversidad de miradas, la diversidad de culturas, la diversidad\nde g\u00e9neros, de pensamientos pol\u00edticos, religiosos, etc, donde cada uno de\nnosotros sienta que este pa\u00eds es de todos, que sienta que la justicia para\ntodas y todos es la forma de entenderse, que nadie se sienta con la autoridad y\nel poder para pisotear la dignidad de la persona humana y permanecer impune.<\/p>\n\n\n\n<p>En este sentido\nes fundamental una Carta Magna que se sustente en el respeto irrestricto de los\nDerechos Humanos, en esta materia la legislaci\u00f3n internacional y la experiencia\nmundial ha avanzado enormemente en estos tiempos, la experiencia dolorosa de\nChile no solo en el pasado sino en el presente nos indica de un fuerte\nretroceso sobre todo en lo que dice relaci\u00f3n con el control del orden p\u00fablico y\nal brutalidad represiva de los procedimientos policiales.<\/p>\n\n\n\n<p>Nos merecemos por\nel dolor que tantos han experimentado por tanto tiempo, darnos una nueva\nConstituci\u00f3n en que el Estado asegure derechos sociales que han sido negados sistem\u00e1ticamente\na un porcentaje importante de la poblaci\u00f3n, que se traduce en un acceso\ninjusto, limitado, deficiente, discriminador a la educaci\u00f3n, salud y a la\ninexistencia de un sistema de seguridad social.<\/p>\n\n\n\n<p>Qu\u00e9 duda cabe que\nla nueva Constituci\u00f3n que surja de la Convenci\u00f3n Constitucional no va a\nsolucionar ahora los problemas que vivimos como sociedad, pero lo que s\u00ed es\nclaro es que impedir\u00e1 que estas injusticias se sigan produciendo en nuestro\npa\u00eds, porque seamos honestos en esta discusi\u00f3n, la estructura fundamental de\neste pa\u00eds se construy\u00f3 al amparo de una Constituci\u00f3n ilegitima en su origen,\nque puso los cimientos del modelo de desarrollo extractivista, rentista y\ndesigual&nbsp; que nos rige, sino preguntarse\npor qu\u00e9 los poderes pol\u00edticos conservadores de derecha y sectores empresariales\nse han opuesto en el pasado y ahora a cambiar la constituci\u00f3n, precisamente\nporque este rayado desigual de la cancha ha favorecido sus intereses, ganancias\ny privilegios.<\/p>\n\n\n\n<p>Con la mente\npuesta en la demanda multitudinaria que el 18 de octubre del 2019 la ciudadan\u00eda\nnos plante\u00f3, concurriremos el 25 de octubre&nbsp;\ncargados de esperanza a votar por el APRUEBO Y LA CONVENCI\u00d6N\nCONSTITUCIONAL,&nbsp; que duda cabe que otro\nChile es posible.<\/p>\n\n\n\n<p><strong>Eliecer Bahamondez Mansilla<\/strong><\/p>\n\n\n\n<p><strong>Colectivo Vanguardia Comunitaria<\/strong><\/p>\n","protected":false},"excerpt":{"rendered":"<p>Las chilenas y los chilenos estamos interpelados el pr\u00f3ximo 25 de octubre a participar de un plebiscito para votar en primer lugar por aprobar o rechazar la construcci\u00f3n de una&#8230; <a class=\"read-more\" href=\"https:\/\/www.radiopresidenteibanez.cl\/web\/por-que-voto-apruebo-y-convencion-constitucional-por-eliecer-bahamondez-mansilla\/\">Leer m\u00e1s<\/a><\/p>\n","protected":false},"author":2,"featured_media":15186,"comment_status":"closed","ping_status":"closed","sticky":false,"template":"","format":"standard","meta":{"footnotes":""},"categories":[1],"tags":[],"class_list":["post-15185","post","type-post","status-publish","format-standard","has-post-thumbnail","hentry","category-cronica"],"_links":{"self":[{"href":"https:\/\/www.radiopresidenteibanez.cl\/web\/wp-json\/wp\/v2\/posts\/15185","targetHints":{"allow":["GET"]}}],"collection":[{"href":"https:\/\/www.radiopresidenteibanez.cl\/web\/wp-json\/wp\/v2\/posts"}],"about":[{"href":"https:\/\/www.radiopresidenteibanez.cl\/web\/wp-json\/wp\/v2\/types\/post"}],"author":[{"embeddable":true,"href":"https:\/\/www.radiopresidenteibanez.cl\/web\/wp-json\/wp\/v2\/users\/2"}],"replies":[{"embeddable":true,"href":"https:\/\/www.radiopresidenteibanez.cl\/web\/wp-json\/wp\/v2\/comments?post=15185"}],"version-history":[{"count":0,"href":"https:\/\/www.radiopresidenteibanez.cl\/web\/wp-json\/wp\/v2\/posts\/15185\/revisions"}],"wp:featuredmedia":[{"embeddable":true,"href":"https:\/\/www.radiopresidenteibanez.cl\/web\/wp-json\/wp\/v2\/media\/15186"}],"wp:attachment":[{"href":"https:\/\/www.radiopresidenteibanez.cl\/web\/wp-json\/wp\/v2\/media?parent=15185"}],"wp:term":[{"taxonomy":"category","embeddable":true,"href":"https:\/\/www.radiopresidenteibanez.cl\/web\/wp-json\/wp\/v2\/categories?post=15185"},{"taxonomy":"post_tag","embeddable":true,"href":"https:\/\/www.radiopresidenteibanez.cl\/web\/wp-json\/wp\/v2\/tags?post=15185"}],"curies":[{"name":"wp","href":"https:\/\/api.w.org\/{rel}","templated":true}]}}