{"id":15179,"date":"2020-10-11T16:03:44","date_gmt":"2020-10-11T16:03:44","guid":{"rendered":"https:\/\/www.radiopresidenteibanez.cl\/web\/?p=15179"},"modified":"2020-10-11T16:03:51","modified_gmt":"2020-10-11T16:03:51","slug":"se-realizaron-examenes-pcr-a-los-vecinos-de-la-poblacion-simon-bolivar","status":"publish","type":"post","link":"https:\/\/www.radiopresidenteibanez.cl\/web\/se-realizaron-examenes-pcr-a-los-vecinos-de-la-poblacion-simon-bolivar\/","title":{"rendered":"SE REALIZARON EX\u00c1MENES PCR A LOS VECINOS DE LA POBLACI\u00d3N SIM\u00d3N BOL\u00cdVAR"},"content":{"rendered":"\n<p>En s\u00f3lo dos meses, el equipo municipal de Testeo, Trazabilidad y Aislamiento, ha realizado 5 mil 552 ex\u00e1menes PCR, tanto en lo que refiere a B\u00fasqueda Activa de Casos como en la pesquisa de los Contactos Estrechos.<\/p>\n\n\n\n<p>Es por esto, que el equipo por medio de la Cl\u00ednica M\u00f3vil del Municipio, lleg\u00f3 hasta la poblaci\u00f3n Sim\u00f3n Bol\u00edvar para desarrollar testeos a los vecinos del sector.<\/p>\n\n\n\n<p>Un total de 71 muestras concretadas en el cuadrante Sim\u00f3n Bol\u00edvar, Pedro Aguirre Cerda, Alessandri y Manuel Rodr\u00edguez, lo que se suma a otros operativos similares en distintos barrios de la ciudad.<\/p>\n\n\n\n<p>\u201cDesde hace dos meses estamos trabajando en la B\u00fasqueda Activa de Casos positivos de Covid-19 a trav\u00e9s de nuestra cl\u00ednica m\u00f3vil. Queremos que esto se multiplique para poder tener mayor cobertura para pesquisar y testear en los Barrios de Punta Arenas. Un n\u00famero importante de vecinos son asintom\u00e1ticos, por lo que es importante pesquisar y aislarlos cuanto antes\u201d, explic\u00f3 el alcalde Claudio Radonich.<\/p>\n\n\n\n<p>En ese sentido, Radonich agreg\u00f3 que \u201ccomo Municipalidad seguiremos con este trabajo, porque se requiere aumentar los testeos, lo que debe complementarse con otras medidas. De igual forma, Agradezco a todos los funcionarios del \u00c1rea de Salud Municipal, que se han sacado la mugre para combatir esta pandemia\u201d.<\/p>\n\n\n\n<p>Mar\u00eda Mu\u00f1oz, vecina del sector valor\u00f3 la instancia y dijo que \u201cme parece bastante bueno, porque uno no puede salir a hac\u00e9rselo a los centros m\u00e9dicos. No lo hab\u00eda realizado antes, pero siento que es necesario\u201d.<\/p>\n\n\n\n<p>Asimismo, David Leyton destac\u00f3 el trabajo que se est\u00e1 realizando. \u201cExcelente lo que se est\u00e1 haciendo, porque estaba preocupado de este tema. Hoy d\u00eda vino toda mi familia para que se hiciera el examen y les avisamos a todos nuestros vecinos tambi\u00e9n. Lo encuentro extraordinario\u201d.<\/p>\n","protected":false},"excerpt":{"rendered":"<p>En s\u00f3lo dos meses, el equipo municipal de Testeo, Trazabilidad y Aislamiento, ha realizado 5 mil 552 ex\u00e1menes PCR, tanto en lo que refiere a B\u00fasqueda Activa de Casos como&#8230; <a class=\"read-more\" href=\"https:\/\/www.radiopresidenteibanez.cl\/web\/se-realizaron-examenes-pcr-a-los-vecinos-de-la-poblacion-simon-bolivar\/\">Leer m\u00e1s<\/a><\/p>\n","protected":false},"author":2,"featured_media":15180,"comment_status":"closed","ping_status":"closed","sticky":false,"template":"","format":"standard","meta":{"footnotes":""},"categories":[1],"tags":[],"class_list":["post-15179","post","type-post","status-publish","format-standard","has-post-thumbnail","hentry","category-cronica"],"_links":{"self":[{"href":"https:\/\/www.radiopresidenteibanez.cl\/web\/wp-json\/wp\/v2\/posts\/15179","targetHints":{"allow":["GET"]}}],"collection":[{"href":"https:\/\/www.radiopresidenteibanez.cl\/web\/wp-json\/wp\/v2\/posts"}],"about":[{"href":"https:\/\/www.radiopresidenteibanez.cl\/web\/wp-json\/wp\/v2\/types\/post"}],"author":[{"embeddable":true,"href":"https:\/\/www.radiopresidenteibanez.cl\/web\/wp-json\/wp\/v2\/users\/2"}],"replies":[{"embeddable":true,"href":"https:\/\/www.radiopresidenteibanez.cl\/web\/wp-json\/wp\/v2\/comments?post=15179"}],"version-history":[{"count":0,"href":"https:\/\/www.radiopresidenteibanez.cl\/web\/wp-json\/wp\/v2\/posts\/15179\/revisions"}],"wp:featuredmedia":[{"embeddable":true,"href":"https:\/\/www.radiopresidenteibanez.cl\/web\/wp-json\/wp\/v2\/media\/15180"}],"wp:attachment":[{"href":"https:\/\/www.radiopresidenteibanez.cl\/web\/wp-json\/wp\/v2\/media?parent=15179"}],"wp:term":[{"taxonomy":"category","embeddable":true,"href":"https:\/\/www.radiopresidenteibanez.cl\/web\/wp-json\/wp\/v2\/categories?post=15179"},{"taxonomy":"post_tag","embeddable":true,"href":"https:\/\/www.radiopresidenteibanez.cl\/web\/wp-json\/wp\/v2\/tags?post=15179"}],"curies":[{"name":"wp","href":"https:\/\/api.w.org\/{rel}","templated":true}]}}