{"id":15176,"date":"2020-10-13T04:00:05","date_gmt":"2020-10-13T04:00:05","guid":{"rendered":"https:\/\/www.radiopresidenteibanez.cl\/web\/?p=15176"},"modified":"2020-10-11T16:02:28","modified_gmt":"2020-10-11T16:02:28","slug":"la-autoridad-no-ha-estado-a-la-altura-expreso-el-doctor-sebastian-ugarte-en-conversacion-con-la-concejala-veronica-aguilar","status":"publish","type":"post","link":"https:\/\/www.radiopresidenteibanez.cl\/web\/la-autoridad-no-ha-estado-a-la-altura-expreso-el-doctor-sebastian-ugarte-en-conversacion-con-la-concejala-veronica-aguilar\/","title":{"rendered":"\u201cLA AUTORIDAD NO HA ESTADO A LA ALTURA\u201d EXPRES\u00d3 EL DOCTOR SEBASTI\u00c1N UGARTE EN CONVERSACI\u00d3N CON LA CONCEJALA VER\u00d3NICA AGUILAR"},"content":{"rendered":"\n<p>La\nconcejala Ver\u00f3nica Aguilar sostuvo una extensa conversaci\u00f3n v\u00eda streaming con\nel reconocido m\u00e9dico dr. Sebasti\u00e1n Ugarte, jefe de pacientes cr\u00edticos de la\ncl\u00ednica Indisa, donde se analiz\u00f3 la compleja situaci\u00f3n que atraviesa la regi\u00f3n,\ncon una activa participaci\u00f3n de la ciudadan\u00eda.<\/p>\n\n\n\n<p>Dentro\nde los temas abordados, destac\u00f3 el pr\u00f3ximo plebiscito del 25 de octubre donde se\nse\u00f1alo que existe mayor riesgo de resultar contagiado en actividades cotidianas\ncomo una sencilla compra en un supermercado \u201csi uno se lava las manos antes y\ndespu\u00e9s de votar, si usa mascarilla todo el tiempo, vota y se retira de\ninmediato, las probabilidades que el plebiscito por s\u00ed mismo genere un brote de\ncontagio no es tan real\u201d, indicando claramente, que ninguna actividad sin tomar\nlas medidas de resguardo personal esta fuera de riesgo de contagio por s\u00ed\nmisma.<\/p>\n\n\n\n<p>Otro\nde los temas en discusi\u00f3n fue la posibilidad de la vuelta a clases en los\ndistintos establecimientos educacionales, donde se mencion\u00f3 la experiencia en\nFrancia, puntualizando en las dificultades en la implementaci\u00f3n, donde los\nprofesores han abandonado su rol educativo, para transform\u00e1ndose en\nfiscalizadores sanitarios, agregando que los \u00edndices de contagios en Chile no\nse acercan a los par\u00e1metros recomendados para realizar una vuelta a clases sin\nriesgo de contagios.<\/p>\n\n\n\n<p>Finalmente,\nel dr. Ugarte mencion\u00f3 los avances que han tenido distintos estudios\ninternacionales con el medicamento ivermectina que han arrojado resultados\npositivos, aunque aclara que estos estudios en conjunto con los que \u00e9l tiene,\nse encuentran en desarrollo, y que se han realizado hasta julio de este a\u00f1o,\napenas 82 pruebas interinas, por lo que \u00abtodav\u00eda no podemos decir nada\nporque tenemos un n\u00famero mayor de pacientes que reunir\u00bb.<\/p>\n\n\n\n<p>La\nconcejala Ver\u00f3nica Aguilar valor\u00f3 la posibilidad de conversar con el destacado\nm\u00e9dico en conjunto a los vecinos y vecinas de la comuna, usando la tecnolog\u00eda\ncomo medio, precisando en que en Punta Arenas las autoridades no han estado a\nla altura con las medidas adoptadas, existiendo la posibilidad de innovar en\nmedidas que impacten positivamente en el manejo de la crisis sanitaria.<\/p>\n","protected":false},"excerpt":{"rendered":"<p>La concejala Ver\u00f3nica Aguilar sostuvo una extensa conversaci\u00f3n v\u00eda streaming con el reconocido m\u00e9dico dr. Sebasti\u00e1n Ugarte, jefe de pacientes cr\u00edticos de la cl\u00ednica Indisa, donde se analiz\u00f3 la compleja&#8230; <a class=\"read-more\" href=\"https:\/\/www.radiopresidenteibanez.cl\/web\/la-autoridad-no-ha-estado-a-la-altura-expreso-el-doctor-sebastian-ugarte-en-conversacion-con-la-concejala-veronica-aguilar\/\">Leer m\u00e1s<\/a><\/p>\n","protected":false},"author":2,"featured_media":15177,"comment_status":"closed","ping_status":"closed","sticky":false,"template":"","format":"standard","meta":{"footnotes":""},"categories":[1],"tags":[],"class_list":["post-15176","post","type-post","status-publish","format-standard","has-post-thumbnail","hentry","category-cronica"],"_links":{"self":[{"href":"https:\/\/www.radiopresidenteibanez.cl\/web\/wp-json\/wp\/v2\/posts\/15176","targetHints":{"allow":["GET"]}}],"collection":[{"href":"https:\/\/www.radiopresidenteibanez.cl\/web\/wp-json\/wp\/v2\/posts"}],"about":[{"href":"https:\/\/www.radiopresidenteibanez.cl\/web\/wp-json\/wp\/v2\/types\/post"}],"author":[{"embeddable":true,"href":"https:\/\/www.radiopresidenteibanez.cl\/web\/wp-json\/wp\/v2\/users\/2"}],"replies":[{"embeddable":true,"href":"https:\/\/www.radiopresidenteibanez.cl\/web\/wp-json\/wp\/v2\/comments?post=15176"}],"version-history":[{"count":0,"href":"https:\/\/www.radiopresidenteibanez.cl\/web\/wp-json\/wp\/v2\/posts\/15176\/revisions"}],"wp:featuredmedia":[{"embeddable":true,"href":"https:\/\/www.radiopresidenteibanez.cl\/web\/wp-json\/wp\/v2\/media\/15177"}],"wp:attachment":[{"href":"https:\/\/www.radiopresidenteibanez.cl\/web\/wp-json\/wp\/v2\/media?parent=15176"}],"wp:term":[{"taxonomy":"category","embeddable":true,"href":"https:\/\/www.radiopresidenteibanez.cl\/web\/wp-json\/wp\/v2\/categories?post=15176"},{"taxonomy":"post_tag","embeddable":true,"href":"https:\/\/www.radiopresidenteibanez.cl\/web\/wp-json\/wp\/v2\/tags?post=15176"}],"curies":[{"name":"wp","href":"https:\/\/api.w.org\/{rel}","templated":true}]}}