{"id":15173,"date":"2020-10-12T03:57:00","date_gmt":"2020-10-12T03:57:00","guid":{"rendered":"https:\/\/www.radiopresidenteibanez.cl\/web\/?p=15173"},"modified":"2020-10-11T16:00:02","modified_gmt":"2020-10-11T16:00:02","slug":"municipio-busca-normalizar-sistema-electrico-de-los-vecinos-del-pasaje-esperanza-en-villa-generosa","status":"publish","type":"post","link":"https:\/\/www.radiopresidenteibanez.cl\/web\/municipio-busca-normalizar-sistema-electrico-de-los-vecinos-del-pasaje-esperanza-en-villa-generosa\/","title":{"rendered":"MUNICIPIO BUSCA NORMALIZAR SISTEMA EL\u00c9CTRICO DE LOS VECINOS DEL PASAJE ESPERANZA EN VILLA GENEROSA"},"content":{"rendered":"\n<p>Durante el actual periodo alcaldicio, la Municipalidad de Punta Arenas, ha impulsado una serie de acciones que permitan dotar de servicios b\u00e1sicos a los vecinos de la comuna, tales como Villa Generosa, Pampa Redonda, Andino, entre otros.<\/p>\n\n\n\n<p>Espec\u00edficamente, en materia de electrificaci\u00f3n, el d\u00eda de ayer el Alcalde Claudio Radonich&nbsp; junto a personal de Alumbrado P\u00fablico y la Secretar\u00eda de Planificaci\u00f3n Municipal, llegaron hasta el pasaje Esperanza, lugar que alberga alrededor de 21 familias, para resolver en terreno todas las tareas necesarias para materializar dicha solicitud.<\/p>\n\n\n\n<p>En ese contexto, se evalu\u00f3 el traslado de las l\u00edneas de alta tensi\u00f3n ubicadas al origen del pasaje, a fin de contar con las servidumbres necesarias, elemento que hasta ahora ha impedido entregar el servicio, sumando a ello el cambio de transformadores y l\u00edneas de alimentaci\u00f3n, lo que permitir\u00e1 garantizar el traspaso de dicha infraestructura a EDELMAG para su administraci\u00f3n y mantenci\u00f3n.<\/p>\n\n\n\n<p>Lo anterior, seg\u00fan \u00c1lvaro Guzm\u00e1n, jefe de planificaci\u00f3n del municipio, \u201ces el punto de partida para posteriormente, iniciar un proceso de transformaci\u00f3n de l\u00edneas que incluya toda el \u00e1rea periurbana, dot\u00e1ndolos de la infraestructura que garantice un servicio conforme a los est\u00e1ndares necesarios para un \u00f3ptimo servicio\u201d.<\/p>\n\n\n\n<p>Por su parte, el jefe comunal agreg\u00f3 que \u201ccambiaremos todos los transformadores y medidores del sector con recursos municipales, con el fin de evitar nuevos cortes de energ\u00eda y suministro producto de la saturaci\u00f3n de la red\u201d.<\/p>\n\n\n\n<p>\u201cSon 21 familias las que se ver\u00e1n beneficiadas directamente, pero en paralelo comenzamos a trabajar para normalizar y lograr que todos los sectores urbanos de Punta Arenas tengan el mismo est\u00e1ndar, promoviendo como siempre he manifestado, equidad territorial\u201d, a\u00f1adi\u00f3 Radonich.<\/p>\n\n\n\n<p>Finalmente, la primera autoridad de la comuna, dijo que \u201cestamos hablando de cerca de 4 mil viviendas que no cuentan con un sistema \u00f3ptimo de servicios b\u00e1sicos, sobre todo en lo que refiere a energ\u00eda el\u00e9ctrica, pero tambi\u00e9n sabemos que ser\u00e1 un trabajo lento, ya que se debe hacer un trabajo previo de planificaci\u00f3n que visualice nuestra ciudad en 50 a\u00f1os m\u00e1s, y no en el corto plazo como claramente, ha sucedido aqu\u00ed\u201d.<\/p>\n","protected":false},"excerpt":{"rendered":"<p>Durante el actual periodo alcaldicio, la Municipalidad de Punta Arenas, ha impulsado una serie de acciones que permitan dotar de servicios b\u00e1sicos a los vecinos de la comuna, tales como&#8230; <a class=\"read-more\" href=\"https:\/\/www.radiopresidenteibanez.cl\/web\/municipio-busca-normalizar-sistema-electrico-de-los-vecinos-del-pasaje-esperanza-en-villa-generosa\/\">Leer m\u00e1s<\/a><\/p>\n","protected":false},"author":2,"featured_media":15174,"comment_status":"closed","ping_status":"closed","sticky":false,"template":"","format":"standard","meta":{"footnotes":""},"categories":[1],"tags":[],"class_list":["post-15173","post","type-post","status-publish","format-standard","has-post-thumbnail","hentry","category-cronica"],"_links":{"self":[{"href":"https:\/\/www.radiopresidenteibanez.cl\/web\/wp-json\/wp\/v2\/posts\/15173","targetHints":{"allow":["GET"]}}],"collection":[{"href":"https:\/\/www.radiopresidenteibanez.cl\/web\/wp-json\/wp\/v2\/posts"}],"about":[{"href":"https:\/\/www.radiopresidenteibanez.cl\/web\/wp-json\/wp\/v2\/types\/post"}],"author":[{"embeddable":true,"href":"https:\/\/www.radiopresidenteibanez.cl\/web\/wp-json\/wp\/v2\/users\/2"}],"replies":[{"embeddable":true,"href":"https:\/\/www.radiopresidenteibanez.cl\/web\/wp-json\/wp\/v2\/comments?post=15173"}],"version-history":[{"count":0,"href":"https:\/\/www.radiopresidenteibanez.cl\/web\/wp-json\/wp\/v2\/posts\/15173\/revisions"}],"wp:featuredmedia":[{"embeddable":true,"href":"https:\/\/www.radiopresidenteibanez.cl\/web\/wp-json\/wp\/v2\/media\/15174"}],"wp:attachment":[{"href":"https:\/\/www.radiopresidenteibanez.cl\/web\/wp-json\/wp\/v2\/media?parent=15173"}],"wp:term":[{"taxonomy":"category","embeddable":true,"href":"https:\/\/www.radiopresidenteibanez.cl\/web\/wp-json\/wp\/v2\/categories?post=15173"},{"taxonomy":"post_tag","embeddable":true,"href":"https:\/\/www.radiopresidenteibanez.cl\/web\/wp-json\/wp\/v2\/tags?post=15173"}],"curies":[{"name":"wp","href":"https:\/\/api.w.org\/{rel}","templated":true}]}}