{"id":15165,"date":"2020-10-13T03:52:52","date_gmt":"2020-10-13T03:52:52","guid":{"rendered":"https:\/\/www.radiopresidenteibanez.cl\/web\/?p=15165"},"modified":"2020-10-11T15:50:53","modified_gmt":"2020-10-11T15:50:53","slug":"entregan-kits-de-proteccion-covid-19-a-adultos-mayores-en-punta-arenas","status":"publish","type":"post","link":"https:\/\/www.radiopresidenteibanez.cl\/web\/entregan-kits-de-proteccion-covid-19-a-adultos-mayores-en-punta-arenas\/","title":{"rendered":"ENTREGAN KITS DE PROTECCI\u00d3N COVID-19 A ADULTOS MAYORES EN PUNTA ARENAS"},"content":{"rendered":"\n<p>Desde el jueves Caja Los H\u00e9roes comenz\u00f3 con la entrega de 600 kits de protecci\u00f3n para el Covid \u2013 19 a todos sus pensionados afiliados, con el objetivo de proporcionarles implementos de seguridad a los adultos mayores que as\u00ed lo requieran. &nbsp;<\/p>\n\n\n\n<p>Se trata de un beneficio gratuito, exclusivo para los pensionados afiliados a la caja de compensaci\u00f3n, quienes s\u00f3lo deber\u00e1n asistir a la sucursal con su c\u00e9dula de identidad, para recibir el pack, el cual contempla un overol blanco de 40 gramos, una mascarilla KN95 y un escudo facial. &nbsp;<\/p>\n\n\n\n<p>Al respecto, la Agente de Caja Los H\u00e9roes Punta Arenas, Maria Violeta Machado, invit\u00f3 a los pensionados de Punta Arenas para que soliciten estos implementos al momento de recibir el pago de su pensi\u00f3n. \u201cPara nosotros es fundamental que nuestros pensionados tengan la seguridad de que podr\u00e1n realizar sus tr\u00e1mites con todas las medidas sanitarias adecuadas. Es por esto por lo que, junto con las medidas que hemos implementado en todas nuestras sucursales, estamos entregando este kit de protecci\u00f3n, con el objetivo de colaborar en el cuidado de su salud, especialmente en el mes del adulto mayor\u201d. &nbsp;<\/p>\n\n\n\n<p>En ese aspecto, Guillermo Uribe, de la Uni\u00f3n Comunal del Adulto Mayor en Punta Arenas y miembro del Concejo del Adulto Mayor de Senama, fue uno de los beneficiados sorprendidos con el kit cuando concurri\u00f3 a la sucursal. Junto con agradecer la entrega de los implementos, asegur\u00f3 que \u201cjusto en estos momentos se me viene a la mente que, como nosotros entregamos pa\u00f1ales a otros adultos mayores, nos sirve tambi\u00e9n andar con estos implementos para cuidarnos nosotros mismos igual\u201d. Adem\u00e1s, respecto a las medidas tomadas por Caja Los H\u00e9roes coment\u00f3 que \u201chay facilidad para el adulto mayor para cobrar sus pensiones, buena comodidad, buena atenci\u00f3n de las ni\u00f1as que atienden ac\u00e1\u201d &nbsp;<\/p>\n\n\n\n<p>Para consultas, Caja Los H\u00e9roes puso a disposici\u00f3n el n\u00famero Call Center de Pensionados&nbsp;600 222 9999. &nbsp;&nbsp;<\/p>\n","protected":false},"excerpt":{"rendered":"<p>Desde el jueves Caja Los H\u00e9roes comenz\u00f3 con la entrega de 600 kits de protecci\u00f3n para el Covid \u2013 19 a todos sus pensionados afiliados, con el objetivo de proporcionarles&#8230; <a class=\"read-more\" href=\"https:\/\/www.radiopresidenteibanez.cl\/web\/entregan-kits-de-proteccion-covid-19-a-adultos-mayores-en-punta-arenas\/\">Leer m\u00e1s<\/a><\/p>\n","protected":false},"author":2,"featured_media":15166,"comment_status":"closed","ping_status":"closed","sticky":false,"template":"","format":"standard","meta":{"footnotes":""},"categories":[1],"tags":[],"class_list":["post-15165","post","type-post","status-publish","format-standard","has-post-thumbnail","hentry","category-cronica"],"_links":{"self":[{"href":"https:\/\/www.radiopresidenteibanez.cl\/web\/wp-json\/wp\/v2\/posts\/15165","targetHints":{"allow":["GET"]}}],"collection":[{"href":"https:\/\/www.radiopresidenteibanez.cl\/web\/wp-json\/wp\/v2\/posts"}],"about":[{"href":"https:\/\/www.radiopresidenteibanez.cl\/web\/wp-json\/wp\/v2\/types\/post"}],"author":[{"embeddable":true,"href":"https:\/\/www.radiopresidenteibanez.cl\/web\/wp-json\/wp\/v2\/users\/2"}],"replies":[{"embeddable":true,"href":"https:\/\/www.radiopresidenteibanez.cl\/web\/wp-json\/wp\/v2\/comments?post=15165"}],"version-history":[{"count":0,"href":"https:\/\/www.radiopresidenteibanez.cl\/web\/wp-json\/wp\/v2\/posts\/15165\/revisions"}],"wp:featuredmedia":[{"embeddable":true,"href":"https:\/\/www.radiopresidenteibanez.cl\/web\/wp-json\/wp\/v2\/media\/15166"}],"wp:attachment":[{"href":"https:\/\/www.radiopresidenteibanez.cl\/web\/wp-json\/wp\/v2\/media?parent=15165"}],"wp:term":[{"taxonomy":"category","embeddable":true,"href":"https:\/\/www.radiopresidenteibanez.cl\/web\/wp-json\/wp\/v2\/categories?post=15165"},{"taxonomy":"post_tag","embeddable":true,"href":"https:\/\/www.radiopresidenteibanez.cl\/web\/wp-json\/wp\/v2\/tags?post=15165"}],"curies":[{"name":"wp","href":"https:\/\/api.w.org\/{rel}","templated":true}]}}