{"id":15162,"date":"2020-10-12T03:45:07","date_gmt":"2020-10-12T03:45:07","guid":{"rendered":"https:\/\/www.radiopresidenteibanez.cl\/web\/?p=15162"},"modified":"2020-10-11T15:48:44","modified_gmt":"2020-10-11T15:48:44","slug":"vecinos-de-sector-el-pinguino-acordaron-cartera-de-proyectos-a-priorizar-en-plan-maestro-propuesto-por-quiero-mi-barrio","status":"publish","type":"post","link":"https:\/\/www.radiopresidenteibanez.cl\/web\/vecinos-de-sector-el-pinguino-acordaron-cartera-de-proyectos-a-priorizar-en-plan-maestro-propuesto-por-quiero-mi-barrio\/","title":{"rendered":"VECINOS DE SECTOR EL PING\u00dcINO ACORDARON CARTERA DE PROYECTOS A PRIORIZAR EN  PLAN MAESTRO PROPUESTO POR QUIERO MI BARRIO"},"content":{"rendered":"\n<p>Tras realizarse la Encuesta de Priorizaci\u00f3n de Obras en poblaci\u00f3n El Ping\u00fcino, equipos municipales del Programa Quiero mi Barrio del MINVU en alianza con la Ilustre Municipalidad de Punta Arenas, dieron a conocer los resultados de la deliberaci\u00f3n de los vecinos y vecinas del sector, habiendo priorizado 4 obras propuestas dentro del Plan Maestro contemplado para dicho barrio.<\/p>\n\n\n\n<p>El seremi de Vivienda y Urbanismo, Jos\u00e9 Miguel Horcos, valor\u00f3 el trabajo que se lleva a cabo en el sector, por cuanto \u201cComo Programa del Ministerio nuestro primer objetivo en un barrio es desarrollar en conjunto con la comunidad y el Municipio un proceso de diagn\u00f3stico, consulta y participaci\u00f3n ciudadana para generar acuerdos tanto en el Plan de Gesti\u00f3n Social como en el Urbano.\u201d<\/p>\n\n\n\n<p>\u201cGracias a estas encuestas \u2013 agreg\u00f3 el seremi &#8211; y otras instancias online o remotas, se identific\u00f3 la necesidad de mejorar sitios eriazos, paseos, plazas y rutas peatonales y entorno de la sede vecinal, con lo que ya para estos pr\u00f3ximos meses la Consultora a cargo presentar\u00e1 la etapa de Dise\u00f1o Participativo, que implica el involucramiento directo de los vecinos del barrio El Ping\u00fcino, definiendo la materialidad, colores o mobiliarios en el dise\u00f1o que llevar\u00e1n las obras priorizadas.\u201d puntualiz\u00f3.<\/p>\n\n\n\n<p>Los proyectos acordados por los vecinos en orden de importancia &#8211; habiendo votado 259 pobladores en la encuesta de libre acceso online, y apoyada por equipos municipales en redes sociales y llamadas telef\u00f3nicas \u2013&nbsp;consistieron en primer lugar \u201cSitio Eriazo y Paseo peatonal\u201d con un 45% de los votos, seguido por \u201cMejoramiento Plaza Principal\u201d con un 44%; \u201cMejoramiento Ruta Peatonal\u201d con un 7% y \u201cMejoramiento Sede Vecinal\u201d con un 4%.<\/p>\n\n\n\n<p>En este sentido el alcalde Claudio Radonich Jim\u00e9nez, destac\u00f3 la participaci\u00f3n de las vecinas y vecinos por cuanto \u201cHubo una buena respuesta general hacia la encuesta y como muestra representa cu\u00e1les son las necesidades reales del Barrio El Ping\u00fcino, en esta etapa, propuestas de mejoramiento urbano en su entorno inmediato, as\u00ed que muy gratificados de ir avanzando paso a paso con el Programa Quiero Mi Barrio, pese a la lentitud que en apariencia pueda existir en los procesos, los vecinos han demostrado v\u00eda online que est\u00e1n comprometidos al 100% en todos los sectores que estamos trabajando junto al MINVU\u201d.<\/p>\n\n\n\n<p>Esta obra considera la configuraci\u00f3n de jardineras, demarcaci\u00f3n de acceso al barrio (hito), demarcaciones de cruces peatonales con balizas, construcci\u00f3n de paisajismo, mobiliario urbano, luminarias juegos, entre otra infraestructura o equipamiento.&nbsp;Asimismo, se sumar\u00e1 a la Obra de confianza del Barrio el Ping\u00fcino el \u201cHermoseamiento acera sur Pedro B\u00f3rquez\u201d, que considera la instalaci\u00f3n de un paradero, mobiliario urbano y paisajismo en la acera sur de Pedro B\u00f3rquez, entre calles Augusto Lutz y Puerto Varas.<\/p>\n","protected":false},"excerpt":{"rendered":"<p>Tras realizarse la Encuesta de Priorizaci\u00f3n de Obras en poblaci\u00f3n El Ping\u00fcino, equipos municipales del Programa Quiero mi Barrio del MINVU en alianza con la Ilustre Municipalidad de Punta Arenas,&#8230; <a class=\"read-more\" href=\"https:\/\/www.radiopresidenteibanez.cl\/web\/vecinos-de-sector-el-pinguino-acordaron-cartera-de-proyectos-a-priorizar-en-plan-maestro-propuesto-por-quiero-mi-barrio\/\">Leer m\u00e1s<\/a><\/p>\n","protected":false},"author":2,"featured_media":15163,"comment_status":"closed","ping_status":"closed","sticky":false,"template":"","format":"standard","meta":{"footnotes":""},"categories":[1],"tags":[],"class_list":["post-15162","post","type-post","status-publish","format-standard","has-post-thumbnail","hentry","category-cronica"],"_links":{"self":[{"href":"https:\/\/www.radiopresidenteibanez.cl\/web\/wp-json\/wp\/v2\/posts\/15162","targetHints":{"allow":["GET"]}}],"collection":[{"href":"https:\/\/www.radiopresidenteibanez.cl\/web\/wp-json\/wp\/v2\/posts"}],"about":[{"href":"https:\/\/www.radiopresidenteibanez.cl\/web\/wp-json\/wp\/v2\/types\/post"}],"author":[{"embeddable":true,"href":"https:\/\/www.radiopresidenteibanez.cl\/web\/wp-json\/wp\/v2\/users\/2"}],"replies":[{"embeddable":true,"href":"https:\/\/www.radiopresidenteibanez.cl\/web\/wp-json\/wp\/v2\/comments?post=15162"}],"version-history":[{"count":0,"href":"https:\/\/www.radiopresidenteibanez.cl\/web\/wp-json\/wp\/v2\/posts\/15162\/revisions"}],"wp:featuredmedia":[{"embeddable":true,"href":"https:\/\/www.radiopresidenteibanez.cl\/web\/wp-json\/wp\/v2\/media\/15163"}],"wp:attachment":[{"href":"https:\/\/www.radiopresidenteibanez.cl\/web\/wp-json\/wp\/v2\/media?parent=15162"}],"wp:term":[{"taxonomy":"category","embeddable":true,"href":"https:\/\/www.radiopresidenteibanez.cl\/web\/wp-json\/wp\/v2\/categories?post=15162"},{"taxonomy":"post_tag","embeddable":true,"href":"https:\/\/www.radiopresidenteibanez.cl\/web\/wp-json\/wp\/v2\/tags?post=15162"}],"curies":[{"name":"wp","href":"https:\/\/api.w.org\/{rel}","templated":true}]}}