{"id":15156,"date":"2020-10-13T03:30:06","date_gmt":"2020-10-13T03:30:06","guid":{"rendered":"https:\/\/www.radiopresidenteibanez.cl\/web\/?p=15156"},"modified":"2020-10-11T15:42:10","modified_gmt":"2020-10-11T15:42:10","slug":"presentan-plan-de-la-lectura-region-de-magallanes","status":"publish","type":"post","link":"https:\/\/www.radiopresidenteibanez.cl\/web\/presentan-plan-de-la-lectura-region-de-magallanes\/","title":{"rendered":"PRESENTAN PLAN DE LA LECTURA REGI\u00d3N DE MAGALLANES"},"content":{"rendered":"\n<p>En\nuna ceremonia virtual y con la participaci\u00f3n de representantes de diferentes\nentidades que aportaron para su elaboraci\u00f3n, se realiz\u00f3 el lanzamiento oficial\ndel Plan de la Lectura regi\u00f3n de Magallanes y de la Ant\u00e1rtica Chilena\n2019-2024.<\/p>\n\n\n\n<p>El documento, que es el resultado de un trabajo\nasociativo liderado por el Comit\u00e9 Ejecutivo Regional de la Lectura, incluye proyecciones basadas en\nel diagn\u00f3stico previo para su elaboraci\u00f3n y los lineamientos establecidos en la\nPol\u00edtica Nacional del Libro y la Lectura (2015-2020) y en la Pol\u00edtica Cultural\nRegional (2018). Establece prioridades, vinculadas al contexto local y propone\nestrategias para su puesta en marcha.<\/p>\n\n\n\n<p>\u201cEste Plan, que incluye el\ncomponente identitario, poniendo el acento en la creaci\u00f3n literaria regional,\nfue elaborado de manera asociativa en un trabajo liderado por el Comit\u00e9 Ejecutivo\nRegional de la Lectura. El proceso de sistematizaci\u00f3n y an\u00e1lisis permiti\u00f3\nidentificar cuatro \u00e9nfasis para la gesti\u00f3n: Articulaci\u00f3n y enfoque inclusivo;\nAcceso a la lectura de poblaciones priorizadas; Mediaci\u00f3n y formaci\u00f3n de\nmediadores de la lectura, y Fortalecimiento de la cadena del libro\u201d, precis\u00f3 la\nSeremi de las Culturas, las Artes y el Patrimonio, Katherine Ibacache, quien\nencabez\u00f3 la presentaci\u00f3n de hoy junto a la Coordinara Regional del Servicio\nNacional del Adulto Mayor (Senama), Rebeca Aguilante y representantes del\nComit\u00e9 Ejecutivo de la Lectura.<\/p>\n\n\n\n<p>El\nPlan tambi\u00e9n prioriza cuatro comunidades o focos para la gesti\u00f3n del fomento\nlector en la regi\u00f3n: Poblaci\u00f3n en situaci\u00f3n de aislamiento, pueblos\noriginarios, adultos mayores y la primera infancia.<\/p>\n\n\n\n<p>\u201cEs una carta de navegaci\u00f3n\nque incluye acciones y establece estrategias para fomentar lectura en toda la\nciudadan\u00eda. Adem\u00e1s, reafirma el compromiso fundamental de instalar su acceso\ncomo un derecho\u201d,\nagreg\u00f3 Ibacache. <\/p>\n\n\n\n<p>El Comit\u00e9 Ejecutivo Regional de la Lectura\nre\u00fane a la Secretar\u00eda Regional Ministerial de las Culturas, las Artes y el\nPatrimonio; la Secretar\u00eda Regional Ministerial de Educaci\u00f3n (Secreduc); la\nSecretar\u00eda Regional Ministerial de Desarrollo Social, por medio de sus\nservicios asociados, como el Servicio Nacional del Adulto Mayor (Senama), el\nInstituto Nacional de la Juventud (Injuv), la Junta Nacional de Jardines\nInfantiles (Junji) y la Fundaci\u00f3n Integra.<\/p>\n\n\n\n<p>El\nPlan ya se encuentra en etapa de implementaci\u00f3n y se suma a los doce que han\nsido creados a lo largo del pa\u00eds y que forman parte de la tarea intersectorial\ny compromiso del Gobierno de Chile por fomentar la lectura. El documento est\u00e1\ndisponible para su revisi\u00f3n y descarga en: <a href=\"http:\/\/plandelectura.gob.cl\/planes_regiones\/plan-regional-de-la-lectura-magallanes\/\">http:\/\/plandelectura.gob.cl\/planes_regiones\/plan-regional-de-la-lectura-magallanes\/<\/a><\/p>\n","protected":false},"excerpt":{"rendered":"<p>En una ceremonia virtual y con la participaci\u00f3n de representantes de diferentes entidades que aportaron para su elaboraci\u00f3n, se realiz\u00f3 el lanzamiento oficial del Plan de la Lectura regi\u00f3n de&#8230; <a class=\"read-more\" href=\"https:\/\/www.radiopresidenteibanez.cl\/web\/presentan-plan-de-la-lectura-region-de-magallanes\/\">Leer m\u00e1s<\/a><\/p>\n","protected":false},"author":2,"featured_media":15157,"comment_status":"closed","ping_status":"closed","sticky":false,"template":"","format":"standard","meta":{"footnotes":""},"categories":[1],"tags":[],"class_list":["post-15156","post","type-post","status-publish","format-standard","has-post-thumbnail","hentry","category-cronica"],"_links":{"self":[{"href":"https:\/\/www.radiopresidenteibanez.cl\/web\/wp-json\/wp\/v2\/posts\/15156","targetHints":{"allow":["GET"]}}],"collection":[{"href":"https:\/\/www.radiopresidenteibanez.cl\/web\/wp-json\/wp\/v2\/posts"}],"about":[{"href":"https:\/\/www.radiopresidenteibanez.cl\/web\/wp-json\/wp\/v2\/types\/post"}],"author":[{"embeddable":true,"href":"https:\/\/www.radiopresidenteibanez.cl\/web\/wp-json\/wp\/v2\/users\/2"}],"replies":[{"embeddable":true,"href":"https:\/\/www.radiopresidenteibanez.cl\/web\/wp-json\/wp\/v2\/comments?post=15156"}],"version-history":[{"count":0,"href":"https:\/\/www.radiopresidenteibanez.cl\/web\/wp-json\/wp\/v2\/posts\/15156\/revisions"}],"wp:featuredmedia":[{"embeddable":true,"href":"https:\/\/www.radiopresidenteibanez.cl\/web\/wp-json\/wp\/v2\/media\/15157"}],"wp:attachment":[{"href":"https:\/\/www.radiopresidenteibanez.cl\/web\/wp-json\/wp\/v2\/media?parent=15156"}],"wp:term":[{"taxonomy":"category","embeddable":true,"href":"https:\/\/www.radiopresidenteibanez.cl\/web\/wp-json\/wp\/v2\/categories?post=15156"},{"taxonomy":"post_tag","embeddable":true,"href":"https:\/\/www.radiopresidenteibanez.cl\/web\/wp-json\/wp\/v2\/tags?post=15156"}],"curies":[{"name":"wp","href":"https:\/\/api.w.org\/{rel}","templated":true}]}}