{"id":15153,"date":"2020-10-12T03:33:24","date_gmt":"2020-10-12T03:33:24","guid":{"rendered":"https:\/\/www.radiopresidenteibanez.cl\/web\/?p=15153"},"modified":"2020-10-11T15:36:34","modified_gmt":"2020-10-11T15:36:34","slug":"productores-de-semilla-de-papa-corriente-deberan-adelantar-inscripcion-de-sus-semilleros","status":"publish","type":"post","link":"https:\/\/www.radiopresidenteibanez.cl\/web\/productores-de-semilla-de-papa-corriente-deberan-adelantar-inscripcion-de-sus-semilleros\/","title":{"rendered":"PRODUCTORES DE SEMILLA DE PAPA CORRIENTE DEBER\u00c1N ADELANTAR INSCRIPCI\u00d3N DE SUS SEMILLEROS"},"content":{"rendered":"\n<p>Un llamado a informarse\nsobre la reducci\u00f3n del plazo para inscribir los semilleros de papa corriente\nhizo el Servicio Agr\u00edcola y Ganadero (SAG) a los productores de este tub\u00e9rculo\nen el pa\u00eds. Esto, tras la publicaci\u00f3n de la resoluci\u00f3n 6391\/2020 en el Diario\nOficial, que establece en 30 d\u00edas desde la fecha de plantaci\u00f3n el plazo para\nrealizar la solicitud de inscripci\u00f3n del semillero respectivo ante el SAG, y no\n60 d\u00edas como se permit\u00eda previamente. <\/p>\n\n\n\n<p>Esta es una de las\nobligaciones que deben cumplir quienes se encuentren inscritos en el Registro\nde Productores de Semilla Corriente de Papa. Una vez recibidos y analizados los\nantecedentes para la inscripci\u00f3n de sus semilleros, el SAG otorgar\u00e1 el\ncorrespondiente c\u00f3digo de identificaci\u00f3n, con el objeto de mantener la\ntrazabilidad del insumo. <\/p>\n\n\n\n<p>Teniendo en cuenta que la\nproducci\u00f3n de semilla de papa s\u00f3lo puede realizarse en las zonas que componen\nel \u00c1rea Libre de Plagas Cuarentenarias de la Papa -que abarca desde la\nProvincia de Arauco, en la Regi\u00f3n del Biob\u00edo hasta la Regi\u00f3n de Magallanes- es\nuna manera m\u00e1s eficiente para que el SAG realice el control fitosanitario y programe\nlas fiscalizaciones que verifiquen de manera fehaciente el cumplimiento de los\nrequisitos que contiene la normativa vigente para el rubro.&nbsp; <\/p>\n\n\n\n<p>En este sentido, el\nencargado regional de protecci\u00f3n agr\u00edcola y forestal de SAG Magallanes, Ricardo\nRu\u00edz Paredes, aclar\u00f3 que los productores que est\u00e9n cuarentenados o con predios\npositivos a <em>Globodera Pallida<\/em>, no\ndeben producir papa semilla debido al riesgo de dispersi\u00f3n del pat\u00f3geno. As\u00ed\nmismo, indic\u00f3 que quienes deseen inscribirse en el registro, antes de formalizar\nel tr\u00e1mite, SAG tomar\u00e1 muestras del suelo, a fin de descartar la presencia de\nesta enfermedad.<\/p>\n\n\n\n<p>En el marco de la pandemia\npor Covid19, para facilitar ambos tr\u00e1mites, tanto el de inscripci\u00f3n en el\nregistro de productores como el de solicitud de inscripci\u00f3n del semillero, ya\nno solo podr\u00e1n hacerse en forma presencial en las oficinas del Servicio, sino\nque tambi\u00e9n se podr\u00e1n gestionar online v\u00eda correo electr\u00f3nico con el Encargado\nRegional de Semillas correspondiente. <\/p>\n\n\n\n<p>Para conocer en detalle el\npaso a paso que deben seguir los productores de papa, se encuentra disponible\nen el sitio web del Servicio una gu\u00eda que explica en forma sencilla las\nactividades a realizar durante la temporada 2020-2021. Se puede consultar en <a href=\"https:\/\/nam10.safelinks.protection.outlook.com\/?url=https%3A%2F%2Fbit.ly%2F36ImTSO&amp;data=02%7C01%7Cveronica.valdenegro%40sag.gob.cl%7C6b72243667bb4fea5da108d86b8bcd1e%7C77ecda755864422aa5356ea67154029c%7C0%7C0%7C637377595471023081&amp;sdata=qtqoTLoSYWc%2F%2BhFuvKxQ%2BQUXPGy8rcrCAy8VPqS7SL0%3D&amp;reserved=0\">https:\/\/bit.ly\/36ImTSO<\/a> o ingresando a <a href=\"https:\/\/nam10.safelinks.protection.outlook.com\/?url=http%3A%2F%2Fwww.sag.cl%2F&amp;data=02%7C01%7Cveronica.valdenegro%40sag.gob.cl%7C6b72243667bb4fea5da108d86b8bcd1e%7C77ecda755864422aa5356ea67154029c%7C0%7C0%7C637377595471033079&amp;sdata=YAurLLrCfzhjI0iiXqsLaz2%2BdXK45l1Ptk0fql0BYrw%3D&amp;reserved=0\">www.sag.cl<\/a>, secci\u00f3n Semillas. <\/p>\n","protected":false},"excerpt":{"rendered":"<p>Un llamado a informarse sobre la reducci\u00f3n del plazo para inscribir los semilleros de papa corriente hizo el Servicio Agr\u00edcola y Ganadero (SAG) a los productores de este tub\u00e9rculo en&#8230; <a class=\"read-more\" href=\"https:\/\/www.radiopresidenteibanez.cl\/web\/productores-de-semilla-de-papa-corriente-deberan-adelantar-inscripcion-de-sus-semilleros\/\">Leer m\u00e1s<\/a><\/p>\n","protected":false},"author":2,"featured_media":15154,"comment_status":"closed","ping_status":"closed","sticky":false,"template":"","format":"standard","meta":{"footnotes":""},"categories":[1],"tags":[],"class_list":["post-15153","post","type-post","status-publish","format-standard","has-post-thumbnail","hentry","category-cronica"],"_links":{"self":[{"href":"https:\/\/www.radiopresidenteibanez.cl\/web\/wp-json\/wp\/v2\/posts\/15153","targetHints":{"allow":["GET"]}}],"collection":[{"href":"https:\/\/www.radiopresidenteibanez.cl\/web\/wp-json\/wp\/v2\/posts"}],"about":[{"href":"https:\/\/www.radiopresidenteibanez.cl\/web\/wp-json\/wp\/v2\/types\/post"}],"author":[{"embeddable":true,"href":"https:\/\/www.radiopresidenteibanez.cl\/web\/wp-json\/wp\/v2\/users\/2"}],"replies":[{"embeddable":true,"href":"https:\/\/www.radiopresidenteibanez.cl\/web\/wp-json\/wp\/v2\/comments?post=15153"}],"version-history":[{"count":0,"href":"https:\/\/www.radiopresidenteibanez.cl\/web\/wp-json\/wp\/v2\/posts\/15153\/revisions"}],"wp:featuredmedia":[{"embeddable":true,"href":"https:\/\/www.radiopresidenteibanez.cl\/web\/wp-json\/wp\/v2\/media\/15154"}],"wp:attachment":[{"href":"https:\/\/www.radiopresidenteibanez.cl\/web\/wp-json\/wp\/v2\/media?parent=15153"}],"wp:term":[{"taxonomy":"category","embeddable":true,"href":"https:\/\/www.radiopresidenteibanez.cl\/web\/wp-json\/wp\/v2\/categories?post=15153"},{"taxonomy":"post_tag","embeddable":true,"href":"https:\/\/www.radiopresidenteibanez.cl\/web\/wp-json\/wp\/v2\/tags?post=15153"}],"curies":[{"name":"wp","href":"https:\/\/api.w.org\/{rel}","templated":true}]}}