{"id":15150,"date":"2020-10-11T15:33:09","date_gmt":"2020-10-11T15:33:09","guid":{"rendered":"https:\/\/www.radiopresidenteibanez.cl\/web\/?p=15150"},"modified":"2020-10-11T15:33:13","modified_gmt":"2020-10-11T15:33:13","slug":"concluyen-con-exito-pruebas-de-parque-eolico-vientos-patagonicos","status":"publish","type":"post","link":"https:\/\/www.radiopresidenteibanez.cl\/web\/concluyen-con-exito-pruebas-de-parque-eolico-vientos-patagonicos\/","title":{"rendered":"CONCLUYEN CON \u00c9XITO PRUEBAS DE PARQUE E\u00d3LICO VIENTOS PATAG\u00d3NICOS"},"content":{"rendered":"\n<p>Cumpliendo con \u00e9xito cada una de sus etapas, esta semana\nconcluy\u00f3 con \u00e9xito un hito trascendental para la entrada en operaci\u00f3n\ndefinitiva del parque e\u00f3lico Vientos Patag\u00f3nicos, que ENAP impulsa en Cabo\nNegro junto a Pecket Energy. <\/p>\n\n\n\n<p>Se trata de la prueba por 72 horas continuas de los 3\naerogeneradores en forma simult\u00e1nea, un ejercicio realizado sin inconvenientes\ny que cierra as\u00ed un completo per\u00edodo de puesta en marcha.<\/p>\n\n\n\n<p>Concluida esta fase, se espera que en los pr\u00f3ximos d\u00edas se\ninicie la etapa de operaci\u00f3n del nuevo parque e\u00f3lico, inyectando as\u00ed energ\u00eda\nlimpia al sistema el\u00e9ctrico de Punta Arenas. <\/p>\n\n\n\n<p>Las aerogeneradores -que se alzan a un costado de la ruta 9\nnorte, en el kil\u00f3metro 23- tienen una altura m\u00e1xima de 122 metros, pudiendo\ninyectar al sistema hasta 10,35 MW de potencia, lo que se traduce en energ\u00eda\npara unos 15 mil hogares.<\/p>\n\n\n\n<p><strong>IMPACTO EN LA REGI\u00d3N<\/strong><\/p>\n\n\n\n<p>La inversi\u00f3n total de este proyecto supera los US$22\nmillones, de los cuales US$5 millones fueron aportados por el Gobierno Regional\nde Magallanes.<\/p>\n\n\n\n<p>Su entrada en operaci\u00f3n aumentar\u00e1 la participaci\u00f3n de las\nEnerg\u00edas Renovables No Convencionales (ERNC) desde un actual 2% a un 18% en\nMagallanes. De igual forma, el parque tendr\u00e1 un impacto concreto en la\nreducci\u00f3n de emisiones de gases efecto invernadero y material particulado, que\nmejorar\u00e1 el bienestar y la calidad de vida de los habitantes de esta zona, en\nespecial de la ciudad de Punta Arenas y sus \u00e1reas pr\u00f3ximas.<\/p>\n","protected":false},"excerpt":{"rendered":"<p>Cumpliendo con \u00e9xito cada una de sus etapas, esta semana concluy\u00f3 con \u00e9xito un hito trascendental para la entrada en operaci\u00f3n definitiva del parque e\u00f3lico Vientos Patag\u00f3nicos, que ENAP impulsa&#8230; <a class=\"read-more\" href=\"https:\/\/www.radiopresidenteibanez.cl\/web\/concluyen-con-exito-pruebas-de-parque-eolico-vientos-patagonicos\/\">Leer m\u00e1s<\/a><\/p>\n","protected":false},"author":2,"featured_media":15151,"comment_status":"closed","ping_status":"closed","sticky":false,"template":"","format":"standard","meta":{"footnotes":""},"categories":[1],"tags":[],"class_list":["post-15150","post","type-post","status-publish","format-standard","has-post-thumbnail","hentry","category-cronica"],"_links":{"self":[{"href":"https:\/\/www.radiopresidenteibanez.cl\/web\/wp-json\/wp\/v2\/posts\/15150","targetHints":{"allow":["GET"]}}],"collection":[{"href":"https:\/\/www.radiopresidenteibanez.cl\/web\/wp-json\/wp\/v2\/posts"}],"about":[{"href":"https:\/\/www.radiopresidenteibanez.cl\/web\/wp-json\/wp\/v2\/types\/post"}],"author":[{"embeddable":true,"href":"https:\/\/www.radiopresidenteibanez.cl\/web\/wp-json\/wp\/v2\/users\/2"}],"replies":[{"embeddable":true,"href":"https:\/\/www.radiopresidenteibanez.cl\/web\/wp-json\/wp\/v2\/comments?post=15150"}],"version-history":[{"count":0,"href":"https:\/\/www.radiopresidenteibanez.cl\/web\/wp-json\/wp\/v2\/posts\/15150\/revisions"}],"wp:featuredmedia":[{"embeddable":true,"href":"https:\/\/www.radiopresidenteibanez.cl\/web\/wp-json\/wp\/v2\/media\/15151"}],"wp:attachment":[{"href":"https:\/\/www.radiopresidenteibanez.cl\/web\/wp-json\/wp\/v2\/media?parent=15150"}],"wp:term":[{"taxonomy":"category","embeddable":true,"href":"https:\/\/www.radiopresidenteibanez.cl\/web\/wp-json\/wp\/v2\/categories?post=15150"},{"taxonomy":"post_tag","embeddable":true,"href":"https:\/\/www.radiopresidenteibanez.cl\/web\/wp-json\/wp\/v2\/tags?post=15150"}],"curies":[{"name":"wp","href":"https:\/\/api.w.org\/{rel}","templated":true}]}}