{"id":15147,"date":"2020-10-11T15:23:47","date_gmt":"2020-10-11T15:23:47","guid":{"rendered":"https:\/\/www.radiopresidenteibanez.cl\/web\/?p=15147"},"modified":"2020-10-11T15:23:54","modified_gmt":"2020-10-11T15:23:54","slug":"mesa-comunal-de-energia-de-cabo-de-hornos-elaborara-protocolo-para-registro-de-datos-de-secador-de-lena","status":"publish","type":"post","link":"https:\/\/www.radiopresidenteibanez.cl\/web\/mesa-comunal-de-energia-de-cabo-de-hornos-elaborara-protocolo-para-registro-de-datos-de-secador-de-lena\/","title":{"rendered":"MESA COMUNAL DE ENERG\u00cdA DE CABO DE HORNOS ELABORAR\u00c1 PROTOCOLO PARA REGISTRO DE DATOS DE SECADOR DE LE\u00d1A"},"content":{"rendered":"\n<p>De manera telem\u00e1tica -como ha sido la t\u00f3nica en el pa\u00eds hasta ahora- retom\u00f3 su trabajo de coordinaci\u00f3n, seguimiento y cumplimiento de acuerdos de la Mesa Comunal de Energ\u00eda (MCE) de Cabo de Hornos.<\/p>\n\n\n\n<p>La instancia de soporte t\u00e9cnico activa en la totalidad de las comunas de Magallanes, repas\u00f3 los pendientes y avanz\u00f3 en distintos puntos relacionados con el \u00e1mbito energ\u00e9tico.<\/p>\n\n\n\n<p><strong>PROTOCOLO PARA REGISTRO DE DATOS<\/strong><\/p>\n\n\n\n<p>Uno de los puntos tratados fue&nbsp;la importancia del uso operacional de Centro de Acopio, as\u00ed como el registro Secado de Le\u00f1a y el registro de la biomasa all\u00ed depositado.<\/p>\n\n\n\n<p>Lo anterior, -explica el Profesional de la SEREMI de Energ\u00eda de Magallanes, Juan Carlos Paredes-&nbsp;\u201cdado el impacto&nbsp;positivo&nbsp;que ha tenido en materia de secado,&nbsp;seg\u00fan el primer&nbsp;informe de eficiencia de secado&nbsp;de&nbsp;CONAF, esto despert\u00f3 el inter\u00e9s&nbsp;de otras comunas&nbsp;en&nbsp;implementar&nbsp;centros&nbsp;como el&nbsp;de Puerto Williams\u201d.<\/p>\n\n\n\n<p>En este sentido, prosigui\u00f3 el Profesional, el municipio,&nbsp;a trav\u00e9s de&nbsp;su&nbsp;Encargado de Medio Ambiente,&nbsp;se&nbsp;comprometi\u00f3&nbsp;a elaborar&nbsp;el&nbsp;procedimiento&nbsp;de sistematizaci\u00f3n de los datos de&nbsp;registro de secado&nbsp;y flujo&nbsp;de biomasa actual, de&nbsp;manera&nbsp;tal,&nbsp;de generar trazabilidad&nbsp;de la&nbsp;le\u00f1a almacenada.<\/p>\n\n\n\n<p>Tenemos informaci\u00f3n a la mano que, al ser sistematizada correctamente, nos permitir\u00e1 mejorar y optimizar el proceso, en conjunto con el municipio y Conaf, que han prestado una permanente colaboraci\u00f3n\u201d, dijo Paredes.&nbsp;<\/p>\n\n\n\n<p><strong>VARIOS<\/strong><\/p>\n\n\n\n<p>Otros puntos en los que avanz\u00f3 la MCE de Cabo de Hornos, fue en la confecci\u00f3n de un convenio para el seguimiento, orientaci\u00f3n y soporte que acelere el cumplimiento de las metas estipuladas en su Estrategia Energ\u00e9tica Local.<\/p>\n\n\n\n<p>En la ocasi\u00f3n el SEREMI del ramo, Nolberto S\u00e1ez, coment\u00f3 que tras los resultados del estudio de factibilidad t\u00e9cnico-econ\u00f3mica encargado por la cartera de Energ\u00eda para desarrollar calefacci\u00f3n distrital en Puerto Williams, \u201cpodr\u00eda&nbsp;materializarse&nbsp;a trav\u00e9s de una&nbsp;presentaci\u00f3n de proyecto de inter\u00e9s p\u00fablico al&nbsp;MOP, correspondiente a una iniciativa&nbsp;privada del sector energ\u00e9tico&nbsp;que ya han manifestado intenciones al respecto\u201d, detall\u00f3.<\/p>\n\n\n\n<p>La autoridad regional de Energ\u00eda complement\u00f3 que como ministerio, \u201charemos todo lo que est\u00e9 a nuestro alcance para empujar esta iniciativa hacia su concreci\u00f3n\u201d, sostuvo S\u00e1ez a\u00f1adiendo que&nbsp;para esto, \u201cnuestra primera tarea ser\u00e1 coordinar la reuni\u00f3n de los incumbentes para, junto a ellos, ir trabajando esta opci\u00f3n de tornarse viable\u201d.<\/p>\n\n\n\n<p>A esto, la MCE tambi\u00e9n plante\u00f3 la necesidad de ratificar las coordenadas del pol\u00edgono propuestas donde se&nbsp;emplazar\u00edan&nbsp;las placas&nbsp;fotovoltaicas destinadas a dotar de electricidad 24\/7 a la alejada localidad de Puerto Toro.<\/p>\n\n\n\n<p>Por su parte, la encargada de Secplan de Cabo de Hornos, Johanna C\u00e1rdenas, se comprometi\u00f3 a realizar una reuni\u00f3n con la comunidad de Puerto Toro para mostrar los avances del proyecto y la posibilidad de la obtenci\u00f3n de un pol\u00edgono para la colocaci\u00f3n de las placas fotovoltaicas&nbsp;considerado actualmente como la alternativa para el proyecto, y cuya&nbsp;gesti\u00f3n&nbsp;resulta&nbsp;necesaria para validar y registrar la solicitud a Bienes Nacionales en su oficina regional.<\/p>\n\n\n\n<p>\u201cEstamos s\u00faper comprometidos como municipio en seguir avanzando en temas energ\u00e9ticos, ya que nuestra comuna tiene una gran impronta tur\u00edstica, la cual va de la mano con la eficiencia energ\u00e9tica y la consiguiente protecci\u00f3n medioambiental. En este sentido, hemos recibido un constante apoyo de parte de la SEREMI de Energ\u00eda y espec\u00edficamente de este instrumento de acci\u00f3n ejecutiva que ha sido la Mesa Comunal de Energ\u00eda de Cabo de Hornos\u201d, agradeci\u00f3 la funcionaria municipal.<\/p>\n\n\n\n<p>Finalmente, la&nbsp;Secretar\u00eda&nbsp;inform\u00f3&nbsp;el status, entre otros, del&nbsp;Programa Etapa II de Eficiencia Energ\u00e9tica&nbsp;para infraestructura p\u00fablica (Hospital Cristina Calder\u00f3n), Programa Educativo,&nbsp;Programa&nbsp;Vivo Eficiente y Con Buena Energ\u00eda.<\/p>\n","protected":false},"excerpt":{"rendered":"<p>De manera telem\u00e1tica -como ha sido la t\u00f3nica en el pa\u00eds hasta ahora- retom\u00f3 su trabajo de coordinaci\u00f3n, seguimiento y cumplimiento de acuerdos de la Mesa Comunal de Energ\u00eda (MCE)&#8230; <a class=\"read-more\" href=\"https:\/\/www.radiopresidenteibanez.cl\/web\/mesa-comunal-de-energia-de-cabo-de-hornos-elaborara-protocolo-para-registro-de-datos-de-secador-de-lena\/\">Leer m\u00e1s<\/a><\/p>\n","protected":false},"author":2,"featured_media":15148,"comment_status":"closed","ping_status":"closed","sticky":false,"template":"","format":"standard","meta":{"footnotes":""},"categories":[1],"tags":[],"class_list":["post-15147","post","type-post","status-publish","format-standard","has-post-thumbnail","hentry","category-cronica"],"_links":{"self":[{"href":"https:\/\/www.radiopresidenteibanez.cl\/web\/wp-json\/wp\/v2\/posts\/15147","targetHints":{"allow":["GET"]}}],"collection":[{"href":"https:\/\/www.radiopresidenteibanez.cl\/web\/wp-json\/wp\/v2\/posts"}],"about":[{"href":"https:\/\/www.radiopresidenteibanez.cl\/web\/wp-json\/wp\/v2\/types\/post"}],"author":[{"embeddable":true,"href":"https:\/\/www.radiopresidenteibanez.cl\/web\/wp-json\/wp\/v2\/users\/2"}],"replies":[{"embeddable":true,"href":"https:\/\/www.radiopresidenteibanez.cl\/web\/wp-json\/wp\/v2\/comments?post=15147"}],"version-history":[{"count":0,"href":"https:\/\/www.radiopresidenteibanez.cl\/web\/wp-json\/wp\/v2\/posts\/15147\/revisions"}],"wp:featuredmedia":[{"embeddable":true,"href":"https:\/\/www.radiopresidenteibanez.cl\/web\/wp-json\/wp\/v2\/media\/15148"}],"wp:attachment":[{"href":"https:\/\/www.radiopresidenteibanez.cl\/web\/wp-json\/wp\/v2\/media?parent=15147"}],"wp:term":[{"taxonomy":"category","embeddable":true,"href":"https:\/\/www.radiopresidenteibanez.cl\/web\/wp-json\/wp\/v2\/categories?post=15147"},{"taxonomy":"post_tag","embeddable":true,"href":"https:\/\/www.radiopresidenteibanez.cl\/web\/wp-json\/wp\/v2\/tags?post=15147"}],"curies":[{"name":"wp","href":"https:\/\/api.w.org\/{rel}","templated":true}]}}