{"id":15136,"date":"2020-10-10T03:11:03","date_gmt":"2020-10-10T03:11:03","guid":{"rendered":"https:\/\/www.radiopresidenteibanez.cl\/web\/?p=15136"},"modified":"2020-10-09T15:18:20","modified_gmt":"2020-10-09T15:18:20","slug":"trabajo-y-economia-difunden-subsidio-al-empleo-y-responden-consultas-de-pymes-y-gremios-a-traves-de-facebook-live","status":"publish","type":"post","link":"https:\/\/www.radiopresidenteibanez.cl\/web\/trabajo-y-economia-difunden-subsidio-al-empleo-y-responden-consultas-de-pymes-y-gremios-a-traves-de-facebook-live\/","title":{"rendered":"TRABAJO Y ECONOM\u00cdA DIFUNDEN SUBSIDIO AL EMPLEO Y RESPONDEN CONSULTAS DE PYMES Y GREMIOS A TRAV\u00c9S DE FACEBOOK LIVE"},"content":{"rendered":"\n<p>Uno de los importantes objetivos\nque tiene el Gobierno es generar herramientas que permitan impulsar la\nrecuperaci\u00f3n econ\u00f3mica y del empleo, sin perder de vista la prioridad de\nproteger la salud y la vida de todos los chilenos.<\/p>\n\n\n\n<p>El Subsidio al Empleo surge como\nparte del plan \u201cPaso a Paso Chile se Recupera\u201d, que busca reactivar la econom\u00eda\ny, por esa v\u00eda, impulsar el empleo. En el dise\u00f1o trabajaron conjuntamente los\nMinisterios del Trabajo y Previsi\u00f3n Social y de Hacienda, logrando avanzar con\nun instrumento que tiene dos objetivos. El primero es incentivar el regreso de\nlos trabajadores suspendidos bajo la Ley de Protecci\u00f3n del Empleo y el segundo,\npromover la contrataci\u00f3n de nuevos trabajadores, para impulsar la recuperaci\u00f3n\nde los m\u00e1s de 1,7 millones de empleos destruidos por la crisis que ha gatillado\nla pandemia a ra\u00edz de las dif\u00edciles circunstancias laborales asociadas a las\nmedidas de control sanitario.<\/p>\n\n\n\n<p>En este contexto, la Seremi de\nEconom\u00eda, Fomento y Turismo, Natalia Easton junto a la Seremi de Trabajo y\nPrevisi\u00f3n Social, Victoria Cortes y el Director Regional del SENCE, Enrique\nHern\u00e1ndez, realizaron un Facebook Live para aclarar inquietudes de empresarios,\ngremios y trabajadores respecto a este nuevo subsidio. <\/p>\n\n\n\n<p>Natalia Easton indic\u00f3 \u201cNuestra\nprioridad en los pr\u00f3ximos meses ser\u00e1 la recuperaci\u00f3n de los empleos y de la\nactividad econ\u00f3mica para que nuestro pa\u00eds retome la senda del crecimiento y\navancemos en el objetivo principal, que es mejorar la calidad de vida de los\nchilenos. En esa l\u00ednea, vemos que este subsidio ser\u00e1 un gran aliado para\navanzar en este camino y es de suma importancia que los gremios y las pymes\nmagall\u00e1nicas puedan conocer en detalle c\u00f3mo opera el instrumento y tengan\nespacios como \u00e9ste para realizar consultas y obtener respuestas. Agradezco\nespecialmente a la Seremi del Trabajo por su permanente disposici\u00f3n para\ndifundir las medidas de su cartera a nuestros usuarios y, en esta ocasi\u00f3n\ntambi\u00e9n al Director Regional del Sence, quien tendr\u00e1 una gran labor en la\nimplementaci\u00f3n de este Subsidio.\u201d<\/p>\n\n\n\n<p>Por su parte Victoria Cortes\nagreg\u00f3 \u00abCoordinamos esta actividad con la Seremi de Econom\u00eda, Natalia\nEaston, y el Director Regional de Sence Magallanes, Enrique Hern\u00e1ndez, porque\nsabemos la necesidad que hoy tienen los trabajadores magall\u00e1nicos de conocer,\nde primera fuente, el detalle de las medidas que tomamos como Gobierno y, en\neste caso, pudimos resolver las diferentes consultas sobre el Subsidio Al\nEmpleo, al que ya est\u00e1n postulando las empresas regionales. La idea es\ncontinuar con estas instancias para ir respondiendo a las dudas que surjan\nsobre este y otros beneficios que estamos entregando en este dif\u00edcil per\u00edodo\nque nos ha tocado vivir\u201d.<\/p>\n\n\n\n<p>Para este subsidio, el Gobierno\ninvertir\u00e1 recursos por un total de US$ 2.000 millones y las postulaciones se\npodr\u00e1n realizar hasta el 31 de marzo de 2021. Las autoridades hicieron el\nllamado a las empresas a utilizar esta herramienta de recuperaci\u00f3n del empleo,\nconociendo los detalles y postulando en la plataforma <a href=\"http:\/\/www.subsidioalempleo.cl\">www.subsidioalempleo.cl<\/a>.<\/p>\n","protected":false},"excerpt":{"rendered":"<p>Uno de los importantes objetivos que tiene el Gobierno es generar herramientas que permitan impulsar la recuperaci\u00f3n econ\u00f3mica y del empleo, sin perder de vista la prioridad de proteger la&#8230; <a class=\"read-more\" href=\"https:\/\/www.radiopresidenteibanez.cl\/web\/trabajo-y-economia-difunden-subsidio-al-empleo-y-responden-consultas-de-pymes-y-gremios-a-traves-de-facebook-live\/\">Leer m\u00e1s<\/a><\/p>\n","protected":false},"author":2,"featured_media":740,"comment_status":"closed","ping_status":"closed","sticky":false,"template":"","format":"standard","meta":{"footnotes":""},"categories":[1],"tags":[],"class_list":["post-15136","post","type-post","status-publish","format-standard","has-post-thumbnail","hentry","category-cronica"],"_links":{"self":[{"href":"https:\/\/www.radiopresidenteibanez.cl\/web\/wp-json\/wp\/v2\/posts\/15136","targetHints":{"allow":["GET"]}}],"collection":[{"href":"https:\/\/www.radiopresidenteibanez.cl\/web\/wp-json\/wp\/v2\/posts"}],"about":[{"href":"https:\/\/www.radiopresidenteibanez.cl\/web\/wp-json\/wp\/v2\/types\/post"}],"author":[{"embeddable":true,"href":"https:\/\/www.radiopresidenteibanez.cl\/web\/wp-json\/wp\/v2\/users\/2"}],"replies":[{"embeddable":true,"href":"https:\/\/www.radiopresidenteibanez.cl\/web\/wp-json\/wp\/v2\/comments?post=15136"}],"version-history":[{"count":0,"href":"https:\/\/www.radiopresidenteibanez.cl\/web\/wp-json\/wp\/v2\/posts\/15136\/revisions"}],"wp:featuredmedia":[{"embeddable":true,"href":"https:\/\/www.radiopresidenteibanez.cl\/web\/wp-json\/wp\/v2\/media\/740"}],"wp:attachment":[{"href":"https:\/\/www.radiopresidenteibanez.cl\/web\/wp-json\/wp\/v2\/media?parent=15136"}],"wp:term":[{"taxonomy":"category","embeddable":true,"href":"https:\/\/www.radiopresidenteibanez.cl\/web\/wp-json\/wp\/v2\/categories?post=15136"},{"taxonomy":"post_tag","embeddable":true,"href":"https:\/\/www.radiopresidenteibanez.cl\/web\/wp-json\/wp\/v2\/tags?post=15136"}],"curies":[{"name":"wp","href":"https:\/\/api.w.org\/{rel}","templated":true}]}}