{"id":15133,"date":"2020-10-09T15:10:51","date_gmt":"2020-10-09T15:10:51","guid":{"rendered":"https:\/\/www.radiopresidenteibanez.cl\/web\/?p=15133"},"modified":"2020-10-09T15:10:57","modified_gmt":"2020-10-09T15:10:57","slug":"municipalidad-de-punta-arenas-aporto-con-25-millones-de-pesos-a-las-jornadas-2020","status":"publish","type":"post","link":"https:\/\/www.radiopresidenteibanez.cl\/web\/municipalidad-de-punta-arenas-aporto-con-25-millones-de-pesos-a-las-jornadas-2020\/","title":{"rendered":"MUNICIPALIDAD DE PUNTA ARENAS APORT\u00d3 CON 25 MILLONES DE PESOS A LAS JORNADAS 2020"},"content":{"rendered":"\n<p>\u201cPese a todos los problemas econ\u00f3micos municipales producto del COVID, hemos aumentado en un 80 % el aporte para las Jornadas 2020, entregando un total de 25 millones de pesos gracias a un acuerdo de todo el Concejo Municipal\u201d, expres\u00f3 el alcalde Claudio Radonich al hacer entrega del aporte al presidente del Club de Leones Cruz del Sur, Jos\u00e9 Rosales y al director ejecutivo del Centro de Rehabilitaci\u00f3n, Asterio Andrade.<\/p>\n\n\n\n<p>Asimismo, el jefe comunal reiter\u00f3 el llamado a colaborar durante esta campa\u00f1a. \u201cLe pedimos a las empresas un esfuerzo mayor, ya que este maravilloso Centro atiende a 3 mil vecinos de nuestra regi\u00f3n y de todas las edades, as\u00ed que estamos muy contentos de poder colaborar en esta gran obra\u201d.<\/p>\n\n\n\n<p>En tanto, Jos\u00e9 Rosales, presidente del Club de Leones Cruz del Sur, dijo que \u201cpara nosotros este aporte de 25 millones es muy importante, ya que aumentaron enormemente los 14 millones del a\u00f1o pasado, lo cual nos permitir\u00e1 trabajar organizadamente, respecto a la rendici\u00f3n de los fondos\u201d.<\/p>\n\n\n\n<p>Rosales tambi\u00e9n aprovech\u00f3 la ocasi\u00f3n para valorar a todos quienes forman parte de la red que conforma el trabajo del Centro de Rehabilitaci\u00f3n, ya que \u201chan tenido la capacidad de reinventarse r\u00e1pidamente, por lo que hemos podido mantener las atenciones a un gran n\u00famero de usuarios, funcionando de manera complementaria en toda la Regi\u00f3n junto a nuestra Escuela\u201d.<\/p>\n\n\n\n<p>Actualmente, el Centro cuenta con cerca de 200 funcionarios, los que atienden a 3 mil personas de distintas edades y de toda la Regi\u00f3n de Magallanes.<\/p>\n\n\n\n<p>Finalmente, los representantes del Club y del Centro de Rehabilitaci\u00f3n, se unieron al llamado del alcalde de Punta Arenas. \u201cReiteramos el llamado a la comunidad, para que se una comprometidamente a este trabajo y sobre todo a las Jornadas por la Rehabilitaci\u00f3n 2020, ya que la continuidad es fundamental para la tarea que realizamos\u201d, concluy\u00f3 Rosales.<\/p>\n\n\n\n<p>Entre todos podemos lograr mantener y cuidar el trabajo que se desarrolla d\u00eda a d\u00eda en los Centros de la Regi\u00f3n, por tanto, dejamos la invitaci\u00f3n para que colaboren en estas Jornadas 2020 ingresando a&nbsp;<a href=\"https:\/\/www.jornadas.cl\/\" target=\"_blank\" rel=\"noreferrer noopener\">https:\/\/www.jornadas.cl\/<\/a>&nbsp;o descargando la App Jornadas Magall\u00e1nicas, y s\u00famate a esta gran campa\u00f1a solidaria.&nbsp;<\/p>\n","protected":false},"excerpt":{"rendered":"<p>\u201cPese a todos los problemas econ\u00f3micos municipales producto del COVID, hemos aumentado en un 80 % el aporte para las Jornadas 2020, entregando un total de 25 millones de pesos&#8230; <a class=\"read-more\" href=\"https:\/\/www.radiopresidenteibanez.cl\/web\/municipalidad-de-punta-arenas-aporto-con-25-millones-de-pesos-a-las-jornadas-2020\/\">Leer m\u00e1s<\/a><\/p>\n","protected":false},"author":2,"featured_media":15134,"comment_status":"closed","ping_status":"closed","sticky":false,"template":"","format":"standard","meta":{"footnotes":""},"categories":[1],"tags":[],"class_list":["post-15133","post","type-post","status-publish","format-standard","has-post-thumbnail","hentry","category-cronica"],"_links":{"self":[{"href":"https:\/\/www.radiopresidenteibanez.cl\/web\/wp-json\/wp\/v2\/posts\/15133","targetHints":{"allow":["GET"]}}],"collection":[{"href":"https:\/\/www.radiopresidenteibanez.cl\/web\/wp-json\/wp\/v2\/posts"}],"about":[{"href":"https:\/\/www.radiopresidenteibanez.cl\/web\/wp-json\/wp\/v2\/types\/post"}],"author":[{"embeddable":true,"href":"https:\/\/www.radiopresidenteibanez.cl\/web\/wp-json\/wp\/v2\/users\/2"}],"replies":[{"embeddable":true,"href":"https:\/\/www.radiopresidenteibanez.cl\/web\/wp-json\/wp\/v2\/comments?post=15133"}],"version-history":[{"count":0,"href":"https:\/\/www.radiopresidenteibanez.cl\/web\/wp-json\/wp\/v2\/posts\/15133\/revisions"}],"wp:featuredmedia":[{"embeddable":true,"href":"https:\/\/www.radiopresidenteibanez.cl\/web\/wp-json\/wp\/v2\/media\/15134"}],"wp:attachment":[{"href":"https:\/\/www.radiopresidenteibanez.cl\/web\/wp-json\/wp\/v2\/media?parent=15133"}],"wp:term":[{"taxonomy":"category","embeddable":true,"href":"https:\/\/www.radiopresidenteibanez.cl\/web\/wp-json\/wp\/v2\/categories?post=15133"},{"taxonomy":"post_tag","embeddable":true,"href":"https:\/\/www.radiopresidenteibanez.cl\/web\/wp-json\/wp\/v2\/tags?post=15133"}],"curies":[{"name":"wp","href":"https:\/\/api.w.org\/{rel}","templated":true}]}}