{"id":15130,"date":"2020-10-09T15:05:15","date_gmt":"2020-10-09T15:05:15","guid":{"rendered":"https:\/\/www.radiopresidenteibanez.cl\/web\/?p=15130"},"modified":"2020-10-09T15:05:21","modified_gmt":"2020-10-09T15:05:21","slug":"personal-militar-hace-ver-incumplimientos-a-medidas-sanitarias-por-parte-de-la-ciudadania-en-la-ciudad-capital-de-magallanes","status":"publish","type":"post","link":"https:\/\/www.radiopresidenteibanez.cl\/web\/personal-militar-hace-ver-incumplimientos-a-medidas-sanitarias-por-parte-de-la-ciudadania-en-la-ciudad-capital-de-magallanes\/","title":{"rendered":"PERSONAL MILITAR HACE VER INCUMPLIMIENTOS A MEDIDAS SANITARIAS POR PARTE DE LA CIUDADAN\u00cdA EN LA CIUDAD CAPITAL DE MAGALLANES"},"content":{"rendered":"\n<p>En\nel contexto de cuarentena, por la que est\u00e1 atravesando la regi\u00f3n de Magallanes,\nespec\u00edficamente en la ciudad de Punta Arenas, se ha detectado a ciudadanos no\nrespetando las normas sanitarias establecidas por la autoridad de salud para\nfrenar y contener la propagaci\u00f3n del virus.<\/p>\n\n\n\n<p>Durante\nlas \u00faltimas 24 horas se logr\u00f3 la detenci\u00f3n de cuatro personas, quienes se\nencontraban circulando por la ciudad de Punta Arenas, debiendo cumplir una\ncuarentena obligatoria en sus domicilios por contacto estrecho. Una de ellas de\niniciales i.i.d.h (31 a\u00f1os) fue fiscalizada por personal de las fuerzas\narmadas, quien circulaba en su veh\u00edculo particular en el sector de Costanera con\ncalle Maip\u00fa, mientras que la segunda persona identificada con las iniciales\na.m.v.v. (35 a\u00f1os) fue controlada en las afueras del registro civil. una\ntercera persona identificada bajo las iniciales h.v.m.t. (63 a\u00f1os) fue\ncontrolada en el sector de av. Camilo Henr\u00edquez con calle 18 de septiembre y\nfinalmente un adulto mayor de iniciales s.r.m.m (68 a\u00f1os) circulaba entre las\nintersecciones de av. Frei con Manantiales.<\/p>\n\n\n\n<p>Como\nresultado de las fiscalizaciones realizadas por personal de las fuerzas\narmadas, tambi\u00e9n se detect\u00f3 el empleo de permisos adulterados en el sector de S\u00e1nchez\ny S\u00e1nchez donde se identific\u00f3 a un sujeto con las iniciales l.a.e.r. (25 a\u00f1os) contraviniendo\nlas normas establecidas por la autoridad de salud.<\/p>\n\n\n\n<p>Cabe\nhacer presente que las medidas decretadas por la autoridad sanitaria buscan\nfrenar los altos niveles de contagio que se est\u00e1n presentando en la regi\u00f3n y\nque su incumplimiento dificulta la posibilidad de levantar las medidas\nrestrictivas decretadas para el combate del covid-19 en la regi\u00f3n de Magallanes.<\/p>\n","protected":false},"excerpt":{"rendered":"<p>En el contexto de cuarentena, por la que est\u00e1 atravesando la regi\u00f3n de Magallanes, espec\u00edficamente en la ciudad de Punta Arenas, se ha detectado a ciudadanos no respetando las normas&#8230; <a class=\"read-more\" href=\"https:\/\/www.radiopresidenteibanez.cl\/web\/personal-militar-hace-ver-incumplimientos-a-medidas-sanitarias-por-parte-de-la-ciudadania-en-la-ciudad-capital-de-magallanes\/\">Leer m\u00e1s<\/a><\/p>\n","protected":false},"author":2,"featured_media":15131,"comment_status":"closed","ping_status":"closed","sticky":false,"template":"","format":"standard","meta":{"footnotes":""},"categories":[1],"tags":[],"class_list":["post-15130","post","type-post","status-publish","format-standard","has-post-thumbnail","hentry","category-cronica"],"_links":{"self":[{"href":"https:\/\/www.radiopresidenteibanez.cl\/web\/wp-json\/wp\/v2\/posts\/15130","targetHints":{"allow":["GET"]}}],"collection":[{"href":"https:\/\/www.radiopresidenteibanez.cl\/web\/wp-json\/wp\/v2\/posts"}],"about":[{"href":"https:\/\/www.radiopresidenteibanez.cl\/web\/wp-json\/wp\/v2\/types\/post"}],"author":[{"embeddable":true,"href":"https:\/\/www.radiopresidenteibanez.cl\/web\/wp-json\/wp\/v2\/users\/2"}],"replies":[{"embeddable":true,"href":"https:\/\/www.radiopresidenteibanez.cl\/web\/wp-json\/wp\/v2\/comments?post=15130"}],"version-history":[{"count":0,"href":"https:\/\/www.radiopresidenteibanez.cl\/web\/wp-json\/wp\/v2\/posts\/15130\/revisions"}],"wp:featuredmedia":[{"embeddable":true,"href":"https:\/\/www.radiopresidenteibanez.cl\/web\/wp-json\/wp\/v2\/media\/15131"}],"wp:attachment":[{"href":"https:\/\/www.radiopresidenteibanez.cl\/web\/wp-json\/wp\/v2\/media?parent=15130"}],"wp:term":[{"taxonomy":"category","embeddable":true,"href":"https:\/\/www.radiopresidenteibanez.cl\/web\/wp-json\/wp\/v2\/categories?post=15130"},{"taxonomy":"post_tag","embeddable":true,"href":"https:\/\/www.radiopresidenteibanez.cl\/web\/wp-json\/wp\/v2\/tags?post=15130"}],"curies":[{"name":"wp","href":"https:\/\/api.w.org\/{rel}","templated":true}]}}