{"id":15127,"date":"2020-10-09T14:49:16","date_gmt":"2020-10-09T14:49:16","guid":{"rendered":"https:\/\/www.radiopresidenteibanez.cl\/web\/?p=15127"},"modified":"2020-10-09T14:49:22","modified_gmt":"2020-10-09T14:49:22","slug":"participantes-del-programa-mujeres-jefas-de-hogar-de-sernameg-magallanes-realizan-curso-de-marketing-digital","status":"publish","type":"post","link":"https:\/\/www.radiopresidenteibanez.cl\/web\/participantes-del-programa-mujeres-jefas-de-hogar-de-sernameg-magallanes-realizan-curso-de-marketing-digital\/","title":{"rendered":"PARTICIPANTES DEL PROGRAMA MUJERES JEFAS DE HOGAR DE SERNAMEG MAGALLANES REALIZAN CURSO DE MARKETING DIGITAL"},"content":{"rendered":"\n<p>Considerando el fuerte impacto que la pandemia del Covid-19 ha tenido en la econom\u00eda regional, ENAP Magallanes a trav\u00e9s de su \u00e1rea de Comunidades y RSE, en una alianza y trabajo colaborativo con el Servicio Nacional de la Mujer y la Equidad de G\u00e9nero de Magallanes, han desarrollado capacitaciones para entregar herramientas que permitan a las mujeres potenciar sus emprendimientos o bien optar a un mejor desarrollo laboral.<\/p>\n\n\n\n<p>De este modo, surge el curso Marketing Digital modalidad on line para Mujeres Participantes del Programa Mujeres Jefas de Hogar de las comunas de Punta Arenas y Natales.<\/p>\n\n\n\n<p>El curso \u201cMarketing Digital\u201d que acaba de iniciarse esta semana, beneficia a 20 mujeres, quienes podr\u00e1n interiorizarse en conceptos de marketing, poniendo en valor su importancia en el actual contexto sanitario y los cambios de comportamiento que han experimentado los consumidores. De este modo, adquirir\u00e1n herramientas pr\u00e1cticas y te\u00f3ricas respecto de los canales digitales m\u00e1s relevantes que poseen las empresas actualmente y que puedan ser aplicadas en sus respectivos micro emprendimientos o transformarse en una nueva fuente laboral como gestor de comunidad digital o community manager.<\/p>\n\n\n\n<p>En la sesi\u00f3n inicial del curso Fabiola Garc\u00eda Pinto, Directora de SernamEG Magallanes y Ant\u00e1rtica Chilena dijo: \u201cAgradecemos enormemente la colaboraci\u00f3n constante de la Empresa Enap Magallanes y su compromiso con las mujeres de los Programas de SernamEG. Estas capacitaciones permiten potenciar los emprendimientos y la autonom\u00eda econ\u00f3mica de las mujeres, profesionalizando sus actividades y brindando la oportunidad de acceso a herramientas de calidad y transferencia de nuevas competencias, lo que se traduce en una mejor calidad de vida a las mujeres Jefas de Hogar y sus familias. Sabemos que esta capacitaci\u00f3n ser\u00e1 muy provechosa para ellas y veremos los frutos al finalizar el curso\u201d.<\/p>\n","protected":false},"excerpt":{"rendered":"<p>Considerando el fuerte impacto que la pandemia del Covid-19 ha tenido en la econom\u00eda regional, ENAP Magallanes a trav\u00e9s de su \u00e1rea de Comunidades y RSE, en una alianza y&#8230; <a class=\"read-more\" href=\"https:\/\/www.radiopresidenteibanez.cl\/web\/participantes-del-programa-mujeres-jefas-de-hogar-de-sernameg-magallanes-realizan-curso-de-marketing-digital\/\">Leer m\u00e1s<\/a><\/p>\n","protected":false},"author":2,"featured_media":15128,"comment_status":"closed","ping_status":"closed","sticky":false,"template":"","format":"standard","meta":{"footnotes":""},"categories":[1],"tags":[],"class_list":["post-15127","post","type-post","status-publish","format-standard","has-post-thumbnail","hentry","category-cronica"],"_links":{"self":[{"href":"https:\/\/www.radiopresidenteibanez.cl\/web\/wp-json\/wp\/v2\/posts\/15127","targetHints":{"allow":["GET"]}}],"collection":[{"href":"https:\/\/www.radiopresidenteibanez.cl\/web\/wp-json\/wp\/v2\/posts"}],"about":[{"href":"https:\/\/www.radiopresidenteibanez.cl\/web\/wp-json\/wp\/v2\/types\/post"}],"author":[{"embeddable":true,"href":"https:\/\/www.radiopresidenteibanez.cl\/web\/wp-json\/wp\/v2\/users\/2"}],"replies":[{"embeddable":true,"href":"https:\/\/www.radiopresidenteibanez.cl\/web\/wp-json\/wp\/v2\/comments?post=15127"}],"version-history":[{"count":0,"href":"https:\/\/www.radiopresidenteibanez.cl\/web\/wp-json\/wp\/v2\/posts\/15127\/revisions"}],"wp:featuredmedia":[{"embeddable":true,"href":"https:\/\/www.radiopresidenteibanez.cl\/web\/wp-json\/wp\/v2\/media\/15128"}],"wp:attachment":[{"href":"https:\/\/www.radiopresidenteibanez.cl\/web\/wp-json\/wp\/v2\/media?parent=15127"}],"wp:term":[{"taxonomy":"category","embeddable":true,"href":"https:\/\/www.radiopresidenteibanez.cl\/web\/wp-json\/wp\/v2\/categories?post=15127"},{"taxonomy":"post_tag","embeddable":true,"href":"https:\/\/www.radiopresidenteibanez.cl\/web\/wp-json\/wp\/v2\/tags?post=15127"}],"curies":[{"name":"wp","href":"https:\/\/api.w.org\/{rel}","templated":true}]}}