{"id":15124,"date":"2020-10-09T14:44:04","date_gmt":"2020-10-09T14:44:04","guid":{"rendered":"https:\/\/www.radiopresidenteibanez.cl\/web\/?p=15124"},"modified":"2020-10-09T14:44:11","modified_gmt":"2020-10-09T14:44:11","slug":"mindep-e-ind-realizaran-millonaria-inversion-para-la-mejora-de-la-piscina-fiscal-y-el-albergue-deportivo","status":"publish","type":"post","link":"https:\/\/www.radiopresidenteibanez.cl\/web\/mindep-e-ind-realizaran-millonaria-inversion-para-la-mejora-de-la-piscina-fiscal-y-el-albergue-deportivo\/","title":{"rendered":"MINDEP E IND REALIZAR\u00c1N MILLONARIA INVERSI\u00d3N PARA LA MEJORA DE LA PISCINA FISCAL Y EL ALBERGUE DEPORTIVO"},"content":{"rendered":"\n<p>El Ministerio del Deporte e\nInstituto Nacional de Deportes siguen invirtiendo recursos para mejorar los\nrecintos deportivos de la regi\u00f3n de Magallanes y para finalizar el 2020 se\ntrabajar\u00e1 en la conservaci\u00f3n de la Piscina Fiscal y el Hotel Deportivo del\nComplejo Fiscal. <br>\n<br>\nEn cuanto a los trabajos que se realizar\u00e1n en la piscina temperada, se\nejecutar\u00e1 un proyecto de 310 millones de pesos que ya est\u00e1 licitado para\niniciar las obras y que ir\u00e1n destinados a la conservaci\u00f3n de la calefacci\u00f3n\nambiental de la piscina, donde tambi\u00e9n se incluir\u00e1 el cambio de equipos de\ncalefacci\u00f3n para dependencia anexas y que permitir\u00e1 incluir la pista indoor del\ngimnasio Fiscal, sala de reuniones, ba\u00f1os y camarines. <\/p>\n\n\n\n<p>Estos arreglos se suman a los\nrealizados en los \u00faltimos a\u00f1os en la piscina Fiscal, donde, por ejemplo, para\nlos Juegos de la Araucan\u00eda del 2018 se invirti\u00f3 en la reparaci\u00f3n por completo del vaso de la piscina, incluida\nla pintura del fondo y la reparaci\u00f3n de las baldosas, adem\u00e1s de la adquisici\u00f3n\nde un marcador electr\u00f3nico y partidores de nivel ol\u00edmpico. <\/p>\n\n\n\n<p>\u201cEntendemos que toda inversi\u00f3n en\nnuestros recintos deportivos no es un gasto, sino que una proyecci\u00f3n a futuro\npara entregar la mayor comodidad a nuestros deportistas y tambi\u00e9n a los\nusuarios que d\u00eda a d\u00eda realizan actividades y talleres en la piscina Fiscal\u201d,\nse\u00f1al\u00f3 la Seremi del Deporte de Magallanes y la Ant\u00e1rtica Chilena, Odette\nCallahan. <\/p>\n\n\n\n<p>Adem\u00e1s, agreg\u00f3 que \u201ctodas estas\ninversiones comprometen al Ministerio del Deporte a aportar en la reactivaci\u00f3n\necon\u00f3mica en la regi\u00f3n de Magallanes, tambi\u00e9n a la generaci\u00f3n de empleos, y\ngenerar inversi\u00f3n p\u00fablica en medio de la emergencia sanitaria que estamos\nviviendo\u201d. <\/p>\n\n\n\n<p>En el Hotel Deportivo del Complejo\nFiscal, en tanto, se realizar\u00e1n trabajos de pintura exterior e interior,\npavimentaci\u00f3n, cambio de cer\u00e1micos en ba\u00f1os y cocina, y cambio de las\ninstalaciones de los servicios b\u00e1sicos del recinto. <\/p>\n\n\n\n<p>Estas obras de mejoramiento, las\nque se encuentran en proceso de licitaci\u00f3n, se suman a las realizadas durante\n2019, donde se compr\u00f3 equipamiento para el albergue deportivo, adquiriendo\nnuevos camarotes, ropa de cama, implementaci\u00f3n de cocina, sillones, mesas, y\nsillas.<\/p>\n","protected":false},"excerpt":{"rendered":"<p>El Ministerio del Deporte e Instituto Nacional de Deportes siguen invirtiendo recursos para mejorar los recintos deportivos de la regi\u00f3n de Magallanes y para finalizar el 2020 se trabajar\u00e1 en&#8230; <a class=\"read-more\" href=\"https:\/\/www.radiopresidenteibanez.cl\/web\/mindep-e-ind-realizaran-millonaria-inversion-para-la-mejora-de-la-piscina-fiscal-y-el-albergue-deportivo\/\">Leer m\u00e1s<\/a><\/p>\n","protected":false},"author":2,"featured_media":15125,"comment_status":"closed","ping_status":"closed","sticky":false,"template":"","format":"standard","meta":{"footnotes":""},"categories":[1],"tags":[],"class_list":["post-15124","post","type-post","status-publish","format-standard","has-post-thumbnail","hentry","category-cronica"],"_links":{"self":[{"href":"https:\/\/www.radiopresidenteibanez.cl\/web\/wp-json\/wp\/v2\/posts\/15124","targetHints":{"allow":["GET"]}}],"collection":[{"href":"https:\/\/www.radiopresidenteibanez.cl\/web\/wp-json\/wp\/v2\/posts"}],"about":[{"href":"https:\/\/www.radiopresidenteibanez.cl\/web\/wp-json\/wp\/v2\/types\/post"}],"author":[{"embeddable":true,"href":"https:\/\/www.radiopresidenteibanez.cl\/web\/wp-json\/wp\/v2\/users\/2"}],"replies":[{"embeddable":true,"href":"https:\/\/www.radiopresidenteibanez.cl\/web\/wp-json\/wp\/v2\/comments?post=15124"}],"version-history":[{"count":0,"href":"https:\/\/www.radiopresidenteibanez.cl\/web\/wp-json\/wp\/v2\/posts\/15124\/revisions"}],"wp:featuredmedia":[{"embeddable":true,"href":"https:\/\/www.radiopresidenteibanez.cl\/web\/wp-json\/wp\/v2\/media\/15125"}],"wp:attachment":[{"href":"https:\/\/www.radiopresidenteibanez.cl\/web\/wp-json\/wp\/v2\/media?parent=15124"}],"wp:term":[{"taxonomy":"category","embeddable":true,"href":"https:\/\/www.radiopresidenteibanez.cl\/web\/wp-json\/wp\/v2\/categories?post=15124"},{"taxonomy":"post_tag","embeddable":true,"href":"https:\/\/www.radiopresidenteibanez.cl\/web\/wp-json\/wp\/v2\/tags?post=15124"}],"curies":[{"name":"wp","href":"https:\/\/api.w.org\/{rel}","templated":true}]}}