{"id":15115,"date":"2020-10-08T01:41:11","date_gmt":"2020-10-08T01:41:11","guid":{"rendered":"https:\/\/www.radiopresidenteibanez.cl\/web\/?p=15115"},"modified":"2020-10-08T01:41:17","modified_gmt":"2020-10-08T01:41:17","slug":"en-prision-preventiva-quedo-mujer-por-trafico-de-drogas","status":"publish","type":"post","link":"https:\/\/www.radiopresidenteibanez.cl\/web\/en-prision-preventiva-quedo-mujer-por-trafico-de-drogas\/","title":{"rendered":"EN PRISI\u00d3N PREVENTIVA QUED\u00d3 MUJER POR TR\u00c1FICO DE DROGAS"},"content":{"rendered":"\n<p>En\nprisi\u00f3n preventiva qued\u00f3 Josselyn Rocamora, luego de ser formalizada, hoy, por\nla Fiscal\u00eda de Punta Arenas,&nbsp; por el\ndelito de tr\u00e1fico il\u00edcito de drogas y estupefacientes.<\/p>\n\n\n\n<p>Durante la\naudiencia de formalizaci\u00f3n de cargos se le inform\u00f3 a la imputada que se sigue\nuna investigaci\u00f3n en su contra&nbsp; por coordinar\nel traslado &nbsp;de droga il\u00edcita desde\nSantiago a Magallanes, utilizando el env\u00edo de encomiendas a nombres de terceras\npersonas, detectando la polic\u00eda, en una encomienda,&nbsp; prendas de vestir que en su interior\nconten\u00edan alrededor de 232 comprimidos de diversos dise\u00f1os y colores, los que\nde acuerdo a las pruebas de orientaci\u00f3n respectiva, arrojaron coloraci\u00f3n\npositiva ante la presencia de &nbsp;MDMA.<\/p>\n\n\n\n<p>El Tribunal de\nGarant\u00eda determin\u00f3 un plazo de investigaci\u00f3n de 60 d\u00edas.<\/p>\n","protected":false},"excerpt":{"rendered":"<p>En prisi\u00f3n preventiva qued\u00f3 Josselyn Rocamora, luego de ser formalizada, hoy, por la Fiscal\u00eda de Punta Arenas,&nbsp; por el delito de tr\u00e1fico il\u00edcito de drogas y estupefacientes. Durante la audiencia&#8230; <a class=\"read-more\" href=\"https:\/\/www.radiopresidenteibanez.cl\/web\/en-prision-preventiva-quedo-mujer-por-trafico-de-drogas\/\">Leer m\u00e1s<\/a><\/p>\n","protected":false},"author":2,"featured_media":15116,"comment_status":"closed","ping_status":"closed","sticky":false,"template":"","format":"standard","meta":{"footnotes":""},"categories":[1],"tags":[],"class_list":["post-15115","post","type-post","status-publish","format-standard","has-post-thumbnail","hentry","category-cronica"],"_links":{"self":[{"href":"https:\/\/www.radiopresidenteibanez.cl\/web\/wp-json\/wp\/v2\/posts\/15115","targetHints":{"allow":["GET"]}}],"collection":[{"href":"https:\/\/www.radiopresidenteibanez.cl\/web\/wp-json\/wp\/v2\/posts"}],"about":[{"href":"https:\/\/www.radiopresidenteibanez.cl\/web\/wp-json\/wp\/v2\/types\/post"}],"author":[{"embeddable":true,"href":"https:\/\/www.radiopresidenteibanez.cl\/web\/wp-json\/wp\/v2\/users\/2"}],"replies":[{"embeddable":true,"href":"https:\/\/www.radiopresidenteibanez.cl\/web\/wp-json\/wp\/v2\/comments?post=15115"}],"version-history":[{"count":0,"href":"https:\/\/www.radiopresidenteibanez.cl\/web\/wp-json\/wp\/v2\/posts\/15115\/revisions"}],"wp:featuredmedia":[{"embeddable":true,"href":"https:\/\/www.radiopresidenteibanez.cl\/web\/wp-json\/wp\/v2\/media\/15116"}],"wp:attachment":[{"href":"https:\/\/www.radiopresidenteibanez.cl\/web\/wp-json\/wp\/v2\/media?parent=15115"}],"wp:term":[{"taxonomy":"category","embeddable":true,"href":"https:\/\/www.radiopresidenteibanez.cl\/web\/wp-json\/wp\/v2\/categories?post=15115"},{"taxonomy":"post_tag","embeddable":true,"href":"https:\/\/www.radiopresidenteibanez.cl\/web\/wp-json\/wp\/v2\/tags?post=15115"}],"curies":[{"name":"wp","href":"https:\/\/api.w.org\/{rel}","templated":true}]}}