{"id":15113,"date":"2020-10-08T01:35:42","date_gmt":"2020-10-08T01:35:42","guid":{"rendered":"https:\/\/www.radiopresidenteibanez.cl\/web\/?p=15113"},"modified":"2020-10-08T01:35:47","modified_gmt":"2020-10-08T01:35:47","slug":"concejal-german-flores-solicita-que-recursos-de-concesion-de-zona-franca-sean-traspasado-a-los-municipios-de-la-region","status":"publish","type":"post","link":"https:\/\/www.radiopresidenteibanez.cl\/web\/concejal-german-flores-solicita-que-recursos-de-concesion-de-zona-franca-sean-traspasado-a-los-municipios-de-la-region\/","title":{"rendered":"CONCEJAL GERM\u00c1N FLORES SOLICITA QUE RECURSOS DE CONCESI\u00d3N DE ZONA FRANCA SEAN TRASPASADO A LOS MUNICIPIOS DE LA REGI\u00d3N"},"content":{"rendered":"\n<p>Por acuerdo un\u00e1nime de concejo\ncomunal, incluido el voto a favor del alcalde, se acord\u00f3 oficiar a la\nintendenta regional Jennifer Rojas, la iniciativa del concejal Germ\u00e1n Flores,\nquien propuso solicitar que los recursos que ingresan por concepto de zona\nfranca, este a\u00f1o fueron 2 mil 650 millones, puedan ser entregados en forma\nproporcional a las municipales de la regi\u00f3n, para paliar en cierta manera, el\nd\u00e9ficit presupuestario que tendr\u00e1n durante el presente a\u00f1o, producto de la\npandemia.<\/p>\n\n\n\n<p>\u201cEste a\u00f1o como sabemos, estamos\nenfrentando una situaci\u00f3n muy dif\u00edcil en materia econ\u00f3mica, el pr\u00f3ximo quiz\u00e1s\nser\u00e1 m\u00e1s complicado, por lo tanto, debemos desde ya pensar de qu\u00e9 manera\npodemos contar con recursos extras, que ayuden en cierta manera a salir adelante\ndel mal momento econ\u00f3mico que hoy enfrentamos, no s\u00f3lo como municipio de Punta\nArenas, sino que tambi\u00e9n en las dem\u00e1s comunas\u201d, dijo el concejal.<\/p>\n\n\n\n<p>M\u00e1s adelante expres\u00f3, \u201ceste a\u00f1o\ndejaremos de percibir m\u00e1s de 800 millones de pesos por concepto de casino,\nestamos devolviendo dinero por pago de patentes, hemos incurrido en gasto\nadicionales para destinarlos al combate del COVID-19, dejamos de percibir\nmuchos ingresos por diferentes conceptos, adem\u00e1s, desde el primer momento\ndestinamos 650 millones de pesos para ir en ayuda social, por lo tanto, debemos\nver c\u00f3mo y de d\u00f3nde sacamos dinero para enfrentar la situaci\u00f3n\u201d agrego.<\/p>\n\n\n\n<p>Es por ello coment\u00f3, que como concejo\nen forma un\u00e1nime se acord\u00f3 que se oficie solicitando a la m\u00e1xima autoridad de\nla zona, que lo recursos que entregar\u00e1 la concesionaria de la zona franca al\ninicio del 2021, sean destinado en forma proporcional a los municipios de la\nregi\u00f3n, para que de esta manera puedan solventar en cierto modo parte el\nd\u00e9ficit que tienen y tendr\u00e1n. <\/p>\n","protected":false},"excerpt":{"rendered":"<p>Por acuerdo un\u00e1nime de concejo comunal, incluido el voto a favor del alcalde, se acord\u00f3 oficiar a la intendenta regional Jennifer Rojas, la iniciativa del concejal Germ\u00e1n Flores, quien propuso&#8230; <a class=\"read-more\" href=\"https:\/\/www.radiopresidenteibanez.cl\/web\/concejal-german-flores-solicita-que-recursos-de-concesion-de-zona-franca-sean-traspasado-a-los-municipios-de-la-region\/\">Leer m\u00e1s<\/a><\/p>\n","protected":false},"author":2,"featured_media":11858,"comment_status":"closed","ping_status":"closed","sticky":false,"template":"","format":"standard","meta":{"footnotes":""},"categories":[1],"tags":[],"class_list":["post-15113","post","type-post","status-publish","format-standard","has-post-thumbnail","hentry","category-cronica"],"_links":{"self":[{"href":"https:\/\/www.radiopresidenteibanez.cl\/web\/wp-json\/wp\/v2\/posts\/15113","targetHints":{"allow":["GET"]}}],"collection":[{"href":"https:\/\/www.radiopresidenteibanez.cl\/web\/wp-json\/wp\/v2\/posts"}],"about":[{"href":"https:\/\/www.radiopresidenteibanez.cl\/web\/wp-json\/wp\/v2\/types\/post"}],"author":[{"embeddable":true,"href":"https:\/\/www.radiopresidenteibanez.cl\/web\/wp-json\/wp\/v2\/users\/2"}],"replies":[{"embeddable":true,"href":"https:\/\/www.radiopresidenteibanez.cl\/web\/wp-json\/wp\/v2\/comments?post=15113"}],"version-history":[{"count":0,"href":"https:\/\/www.radiopresidenteibanez.cl\/web\/wp-json\/wp\/v2\/posts\/15113\/revisions"}],"wp:featuredmedia":[{"embeddable":true,"href":"https:\/\/www.radiopresidenteibanez.cl\/web\/wp-json\/wp\/v2\/media\/11858"}],"wp:attachment":[{"href":"https:\/\/www.radiopresidenteibanez.cl\/web\/wp-json\/wp\/v2\/media?parent=15113"}],"wp:term":[{"taxonomy":"category","embeddable":true,"href":"https:\/\/www.radiopresidenteibanez.cl\/web\/wp-json\/wp\/v2\/categories?post=15113"},{"taxonomy":"post_tag","embeddable":true,"href":"https:\/\/www.radiopresidenteibanez.cl\/web\/wp-json\/wp\/v2\/tags?post=15113"}],"curies":[{"name":"wp","href":"https:\/\/api.w.org\/{rel}","templated":true}]}}