{"id":15106,"date":"2020-10-08T04:18:00","date_gmt":"2020-10-08T04:18:00","guid":{"rendered":"https:\/\/www.radiopresidenteibanez.cl\/web\/?p=15106"},"modified":"2020-10-08T01:22:03","modified_gmt":"2020-10-08T01:22:03","slug":"siss-llama-a-informarse-sobre-beneficios-covid-19-ley-de-no-corte-de-servicios-basicos-y-a-efectuar-oportunamente-los-tramites-para-acceder-a-los-beneficios","status":"publish","type":"post","link":"https:\/\/www.radiopresidenteibanez.cl\/web\/siss-llama-a-informarse-sobre-beneficios-covid-19-ley-de-no-corte-de-servicios-basicos-y-a-efectuar-oportunamente-los-tramites-para-acceder-a-los-beneficios\/","title":{"rendered":"SISS LLAMA A INFORMARSE SOBRE \u201cBENEFICIOS COVID-19, LEY DE NO CORTE DE SERVICIOS B\u00c1SICOS\u201d Y A EFECTUAR OPORTUNAMENTE LOS TR\u00c1MITES PARA ACCEDER A LOS BENEFICIOS"},"content":{"rendered":"\n<p>La Superintendencia de Servicios\nSanitarios formul\u00f3 un llamado para que la ciudadan\u00eda se informe sobre la Ley\n21.249, \u201c<strong>Beneficios COVID-19, Ley de No Corte de Servicios B\u00e1sicos\u201d,<\/strong> que\nimpide el corte por morosidad de los servicios b\u00e1sicos y que va en favor de los\nusuarios finales de servicios sanitarios, electricidad y gas de red. <\/p>\n\n\n\n<p>\u201cEs importante que las personas\nse informen sobre cu\u00e1les son los pasos para acceder a estos beneficios. Lo\nprimero, es contactar con su empresa sanitaria, ojal\u00e1 a trav\u00e9s de medios\nvirtuales o de su Call Center, para conocer los requisitos y luego presentarlos\nante la misma empresa para su tramitaci\u00f3n\u201d, explic\u00f3 el jefe de la Oficina\nRegional de Magallanes, Alejandro Soto. Asimismo record\u00f3 que la SISS ha\ninstruido a las concesionarias para que respondan, en un m\u00e1ximo de cinco d\u00edas,\na estas solicitudes. \u201cEn caso de no tener una respuesta favorable, pueden\nacudir a nosotros para adoptar las medidas pertinentes\u201d, explic\u00f3 Soto.<\/p>\n\n\n\n<p>Para acceder a este beneficio se\ndebe pertenecer al 60% de la poblaci\u00f3n m\u00e1s vulnerable que figure en el registro\nSocial de Hogares, los adultos mayores de 60 a\u00f1os, personas que hayan quedado\ncesantes, personas acogidas a la Ley de Protecci\u00f3n del empleo, independientes\nque hayan visto disminuidos sus ingresos y en general cualquier cliente que\nacredite que ha tenido problemas para pagar en el contexto de la emergencia\nsanitaria por Covid-19. A la fecha existe un n\u00famero importante de clientes\nque&nbsp; pueden acceder a este beneficio pero que no se han inscrito, por lo\nque se reitera hacer los tramites oportunamente, y as\u00ed evitar problemas\nposteriores una vez que venza el plazo de vigencia de esta ley que es el 6 de\nnoviembre de 2020.<\/p>\n\n\n\n<p>El jefe de la Oficina Regional de\nMagallanes, Alejandro Soto, se\u00f1ala que \u201cesto representa un alivio directo al\nbolsillo de millones de familias que se han visto afectadas por la pandemia. Al\nmismo tiempo hay que recordar que esto tiene una duraci\u00f3n de 90 d\u00edas desde que\nse promulga la ley, es decir, hasta el 6 de noviembre de 2020 las empresas\nsanitarias no podr\u00e1n realizar cortes de servicios por atraso en el pago de la\ncuenta\u201d.<\/p>\n\n\n\n<p>Los saldos impagos que se\noriginen generen entre el 18 de marzo de 2020 y hasta el pr\u00f3ximo 6 de\nnoviembre, podr\u00e1n ser prorrateados, hasta en 12 cuotas, sin intereses ni\nmultas, seg\u00fan dicta la ley. Asimismo, los clientes con deudas contra\u00eddas con\nanterioridad a la vigencia del Estado de Cat\u00e1strofe, tambi\u00e9n podr\u00e1n prorratear\ndichas deudas, con un tope de 5 UF, en las mismas condiciones, vales decir\nhasta en 12 cuotas, sin intereses ni multas.<\/p>\n\n\n\n<p>La Superintendencia de Servicios\nSanitarios ha comenzado una intensa fiscalizaci\u00f3n de estas medidas para que se\ncumpla esta nueva ley, el jefe de la Oficina Regional de Magallanes, Alejandro\nSoto, ha sido claro en pedirle a la poblaci\u00f3n que en caso de problemas acudan a\nla SISS en busca de ayuda. \u201cNosotros estamos fiscalizando el cumplimiento de\nesta nueva normativa e instruimos para que respondan, en un m\u00e1ximo de cinco\nd\u00edas, a las solicitudes y en caso de no tener una respuesta favorable, pueden\nacudir a nosotros para adoptar las medidas pertinentes. Asimismo, deben ser\ndenunciadas las empresas que, en caso de cortes o suspensiones de suministro no\nprocedan a la reposici\u00f3n inmediata del servicio y sin costo alguno para los\nusuarios que est\u00e9n acogidos al beneficio\u201d dijo Soto. Estas denuncias deben\nhacerse ante la SISS a trav\u00e9s de sus diferentes canales virtuales, el sitio web\n<a href=\"http:\/\/www.siss.cl\">www.siss.cl<\/a> y su Call Center 800 381 800.<\/p>\n","protected":false},"excerpt":{"rendered":"<p>La Superintendencia de Servicios Sanitarios formul\u00f3 un llamado para que la ciudadan\u00eda se informe sobre la Ley 21.249, \u201cBeneficios COVID-19, Ley de No Corte de Servicios B\u00e1sicos\u201d, que impide el&#8230; <a class=\"read-more\" href=\"https:\/\/www.radiopresidenteibanez.cl\/web\/siss-llama-a-informarse-sobre-beneficios-covid-19-ley-de-no-corte-de-servicios-basicos-y-a-efectuar-oportunamente-los-tramites-para-acceder-a-los-beneficios\/\">Leer m\u00e1s<\/a><\/p>\n","protected":false},"author":2,"featured_media":15107,"comment_status":"closed","ping_status":"closed","sticky":false,"template":"","format":"standard","meta":{"footnotes":""},"categories":[1],"tags":[],"class_list":["post-15106","post","type-post","status-publish","format-standard","has-post-thumbnail","hentry","category-cronica"],"_links":{"self":[{"href":"https:\/\/www.radiopresidenteibanez.cl\/web\/wp-json\/wp\/v2\/posts\/15106","targetHints":{"allow":["GET"]}}],"collection":[{"href":"https:\/\/www.radiopresidenteibanez.cl\/web\/wp-json\/wp\/v2\/posts"}],"about":[{"href":"https:\/\/www.radiopresidenteibanez.cl\/web\/wp-json\/wp\/v2\/types\/post"}],"author":[{"embeddable":true,"href":"https:\/\/www.radiopresidenteibanez.cl\/web\/wp-json\/wp\/v2\/users\/2"}],"replies":[{"embeddable":true,"href":"https:\/\/www.radiopresidenteibanez.cl\/web\/wp-json\/wp\/v2\/comments?post=15106"}],"version-history":[{"count":0,"href":"https:\/\/www.radiopresidenteibanez.cl\/web\/wp-json\/wp\/v2\/posts\/15106\/revisions"}],"wp:featuredmedia":[{"embeddable":true,"href":"https:\/\/www.radiopresidenteibanez.cl\/web\/wp-json\/wp\/v2\/media\/15107"}],"wp:attachment":[{"href":"https:\/\/www.radiopresidenteibanez.cl\/web\/wp-json\/wp\/v2\/media?parent=15106"}],"wp:term":[{"taxonomy":"category","embeddable":true,"href":"https:\/\/www.radiopresidenteibanez.cl\/web\/wp-json\/wp\/v2\/categories?post=15106"},{"taxonomy":"post_tag","embeddable":true,"href":"https:\/\/www.radiopresidenteibanez.cl\/web\/wp-json\/wp\/v2\/tags?post=15106"}],"curies":[{"name":"wp","href":"https:\/\/api.w.org\/{rel}","templated":true}]}}