{"id":151,"date":"2018-12-27T22:45:54","date_gmt":"2018-12-27T22:45:54","guid":{"rendered":"http:\/\/www.radiopresidenteibanez.cl\/web\/?p=151"},"modified":"2018-12-27T22:46:23","modified_gmt":"2018-12-27T22:46:23","slug":"fecundidad-de-marcela-moreira-quedo-entre-los-ocho-temas-seleccionados-para-participar-en-el-festival-del-huaso-de-olmue","status":"publish","type":"post","link":"https:\/\/www.radiopresidenteibanez.cl\/web\/fecundidad-de-marcela-moreira-quedo-entre-los-ocho-temas-seleccionados-para-participar-en-el-festival-del-huaso-de-olmue\/","title":{"rendered":"\u201cFECUNDIDAD\u201d DE MARCELA MOREIRA QUEDO ENTRE LOS OCHO TEMAS SELECCIONADOS PARA PARTICIPAR EN EL FESTIVAL DEL HUASO DE OLMU\u00c9"},"content":{"rendered":"\n<p>El jurado preseleccionador ya ha definido cuales son los ocho temas clasificados para la competencia del quincuag\u00e9simo Festival del Huaso de Olmu\u00e9, evento en el cual compiten ocho temas de ra\u00edz folcl\u00f3rica chilena, y que se realiza los d\u00edas jueves 17, viernes 18, s\u00e1bado 19 y domingo 20 de enero de 2019, en el escenario de El Patagual de Olmu\u00e9.\u00a0<\/p>\n\n\n\n<p>Los ocho temas clasificados son los siguientes: \u201cFecundidad\u201d de Marcela Moreira, interpretado por Marcela Moreira y la Bandurria; \u201cPor 50 a\u00f1os de Gloria\u201d de Juan Vargas Aguilar, interpretado por \u201cLos Huasos Corraleros de Santiago\u201d; \u201cMar y Tierra\u201d de Poulette Santis Olivares, interpretado por Poulette Santis Olivares; \u201cTan solo soy un cantor\u201d\tde Sergio Veas Mu\u00f1oz, interpretado por Sergio Veas y su Grupo; \u201cCantor de Velorio\u201d de Horacio Hern\u00e1ndez, interpretado por Horacio Hern\u00e1ndez; \u201cDel \u00d1ielol vienen bajando\u201d de Eduardo Guajardo, interpretado por Miguel \u00c1ngel Pellao y el Grupo Kantarauco; \u201cM\u00e1gico encuentro\u201d de Alejandro Guardia, interpretado por Ankaly; y \u201cMi ni\u00f1o se ha enamorado\u201d de Sergio Huidobro, interpretado por Los Huasos del Camino.&nbsp;<\/p>\n\n\n\n<p>Los autores e int\u00e9rpretes de los temas clasificados compiten por el \u201cGuitarp\u00edn\u201d y los siete millones de pesos al primer lugar; cuatro millones de pesos al segundo lugar; y tres millones de pesos al tercer lugar.&nbsp;\n\n<\/p>\n","protected":false},"excerpt":{"rendered":"<p>El jurado preseleccionador ya ha definido cuales son los ocho temas clasificados para la competencia del quincuag\u00e9simo Festival del Huaso de Olmu\u00e9, evento en el cual compiten ocho temas de&#8230; <a class=\"read-more\" href=\"https:\/\/www.radiopresidenteibanez.cl\/web\/fecundidad-de-marcela-moreira-quedo-entre-los-ocho-temas-seleccionados-para-participar-en-el-festival-del-huaso-de-olmue\/\">Leer m\u00e1s<\/a><\/p>\n","protected":false},"author":2,"featured_media":152,"comment_status":"closed","ping_status":"closed","sticky":false,"template":"","format":"standard","meta":{"footnotes":""},"categories":[1],"tags":[],"class_list":["post-151","post","type-post","status-publish","format-standard","has-post-thumbnail","hentry","category-cronica"],"_links":{"self":[{"href":"https:\/\/www.radiopresidenteibanez.cl\/web\/wp-json\/wp\/v2\/posts\/151","targetHints":{"allow":["GET"]}}],"collection":[{"href":"https:\/\/www.radiopresidenteibanez.cl\/web\/wp-json\/wp\/v2\/posts"}],"about":[{"href":"https:\/\/www.radiopresidenteibanez.cl\/web\/wp-json\/wp\/v2\/types\/post"}],"author":[{"embeddable":true,"href":"https:\/\/www.radiopresidenteibanez.cl\/web\/wp-json\/wp\/v2\/users\/2"}],"replies":[{"embeddable":true,"href":"https:\/\/www.radiopresidenteibanez.cl\/web\/wp-json\/wp\/v2\/comments?post=151"}],"version-history":[{"count":0,"href":"https:\/\/www.radiopresidenteibanez.cl\/web\/wp-json\/wp\/v2\/posts\/151\/revisions"}],"wp:featuredmedia":[{"embeddable":true,"href":"https:\/\/www.radiopresidenteibanez.cl\/web\/wp-json\/wp\/v2\/media\/152"}],"wp:attachment":[{"href":"https:\/\/www.radiopresidenteibanez.cl\/web\/wp-json\/wp\/v2\/media?parent=151"}],"wp:term":[{"taxonomy":"category","embeddable":true,"href":"https:\/\/www.radiopresidenteibanez.cl\/web\/wp-json\/wp\/v2\/categories?post=151"},{"taxonomy":"post_tag","embeddable":true,"href":"https:\/\/www.radiopresidenteibanez.cl\/web\/wp-json\/wp\/v2\/tags?post=151"}],"curies":[{"name":"wp","href":"https:\/\/api.w.org\/{rel}","templated":true}]}}