{"id":15099,"date":"2020-10-07T16:49:45","date_gmt":"2020-10-07T16:49:45","guid":{"rendered":"https:\/\/www.radiopresidenteibanez.cl\/web\/?p=15099"},"modified":"2020-10-07T16:49:51","modified_gmt":"2020-10-07T16:49:51","slug":"88-anos-del-partido-radical-de-magallanes","status":"publish","type":"post","link":"https:\/\/www.radiopresidenteibanez.cl\/web\/88-anos-del-partido-radical-de-magallanes\/","title":{"rendered":"88 A\u00d1OS DEL PARTIDO RADICAL DE MAGALLANES"},"content":{"rendered":"\n<p>El 7 de\noctubre de 1932, un grupo de simpatizantes y vecinos de Punta Arenas, fundaron\nen la capital del austro el Partido Radical de Magallanes.<\/p>\n\n\n\n<p>Este clamor popular surgi\u00f3 de la necesidad de encontrar en los ideales del\nradicalismo a la colectividad pol\u00edtica que mejor interpretaba los desaf\u00edos de\nla clase media y trabajadora de nuestra regi\u00f3n. <\/p>\n\n\n\n<p>En principio se trat\u00f3 de proyectar los postulados laicos, federalistas y\nprogresistas de Manuel Antonio Matta y Pedro Le\u00f3n Gallo, quienes un 27 de\ndiciembre de 1863, creaban en Copiap\u00f3 el que es, el partido pol\u00edtico m\u00e1s\nantiguo de Chile y uno de los m\u00e1s longevos de Am\u00e9rica Latina.<\/p>\n\n\n\n<p>Sin embargo, esa tarde del 7 de octubre se estableci\u00f3 adem\u00e1s, que el nuevo\nbasti\u00f3n radical colocar\u00eda \u00e9nfasis en los problemas de la provincia. De esta\nmanera, y a contar de los meses siguientes, importantes personalidades de\nMagallanes ingresaron y dieron forma al radicalismo, entre otros, los hermanos\n\u00c1lvaro y Armando Sanhueza L\u00edbano, m\u00e9dico el primero, abogado el segundo; el\nqu\u00edmico farmac\u00e9utico Marco Davison Bascur; el alcalde Juan Agust\u00edn Y\u00e1\u00f1ez, y los\nprofesores normalistas Jos\u00e9 del Tr\u00e1nsito Ag\u00fcero y Enrique Abello.<\/p>\n\n\n\n<p>A diferencia de otras tiendas pol\u00edticas, los radicales incorporaron a sus\nfilas a militantes de todas las capas sociales. Una caracter\u00edstica destacada\nfue la lucha brindada por sus dirigentes para conseguir elevar los \u00edndices de\neducaci\u00f3n, salud y vivienda de los magall\u00e1nicos, medidas que se concretaron en\nd\u00e9cadas posteriores con la aplicaci\u00f3n de la ley N\u00ba6.334 de Corporaci\u00f3n de\nFomento de la Producci\u00f3n (Corfo) monumento radical, iniciativa que posibilit\u00f3\nel desarrollo de nuestra industria nacional.<\/p>\n\n\n\n<p>Con el devenir del tiempo, hombres y mujeres de las m\u00e1s diversas calidades\nhan destacado en el radicalismo magall\u00e1nico. La b\u00fasqueda de la igualdad de\noportunidades, sin estar condicionado por la diferencia de g\u00e9nero fue una lucha\ndada por nuestro partido desde su g\u00e9nesis. Al respecto, debemos recordar que\nfue una mujer militante del Partido Radical, la educadora Felicia Barr\u00eda Vera,\nla primera en ser distinguida como alcaldesa de la comuna. En el recuerdo de\nvarias generaciones est\u00e1n los antiguos clubes radicales con sus asambleas,\nbailes y comidas t\u00edpicas, en donde se fraguaban los grandes acuerdos y las\ndecisiones pol\u00edticas.<\/p>\n\n\n\n<p>El Partido Radical de Magallanes fue determinante en la victoria lograda\npor el Doctor Pedro Aguirre Cerda para alcanzar la primera magistratura de la naci\u00f3n,\nen la hist\u00f3rica jornada del 25 de octubre de 1938. En aquella oportunidad, el\nabanderado del Frente Popular, obtuvo un dram\u00e1tico triunfo en el pa\u00eds, de\napenas cuatro mil votos sobre el representante de las fuerzas de gobierno, el\nfinancista Gustavo Ross Santa Mar\u00eda.<\/p>\n\n\n\n<p>Precisamente, aqu\u00ed en el austro se obtuvo esa escu\u00e1lida diferencia. 4.215\npreferencias, 88% contra 526 votos, 12%. Hay que hacer notar, que los\nmagall\u00e1nicos votaban por primera vez en una elecci\u00f3n presidencial. Como el\npropio Pedro Aguirre Cerda reconoci\u00f3 en la visita que nos hiciera en noviembre\nde 1939, diciendo que aquella venida era \u201cuna forma de agradecer\u201d a Magallanes,\npor el respaldo alcanzado en aquella batalla electoral que llev\u00f3 a la clase\nmedia y obrera, a encabezar lo que hasta ese entonces parec\u00eda imposible:&nbsp; gobernar en Chile.<\/p>\n\n\n\n<p>El ideal radical, enarbolado hace exactamente 88 a\u00f1os, pervive en los\nenormes desaf\u00edos que tiene la sociedad magall\u00e1nica en la actualidad. Superar la\ncrisis que atraviesa la regi\u00f3n, requiere preparaci\u00f3n, colaboraci\u00f3n y una visi\u00f3n\ntransformadora que construya bienestar sin exclusiones; con justicia social y\nambiental; con libertad creadora; con dignidad y fraternidad.<\/p>\n\n\n\n<p><strong>Partido Radical de Chile<\/strong><\/p>\n\n\n\n<p><strong>Regi\u00f3n de Magallanes y Ant\u00e1rtica Chilena<\/strong><\/p>\n","protected":false},"excerpt":{"rendered":"<p>El 7 de octubre de 1932, un grupo de simpatizantes y vecinos de Punta Arenas, fundaron en la capital del austro el Partido Radical de Magallanes. Este clamor popular surgi\u00f3&#8230; <a class=\"read-more\" href=\"https:\/\/www.radiopresidenteibanez.cl\/web\/88-anos-del-partido-radical-de-magallanes\/\">Leer m\u00e1s<\/a><\/p>\n","protected":false},"author":2,"featured_media":15100,"comment_status":"closed","ping_status":"closed","sticky":false,"template":"","format":"standard","meta":{"footnotes":""},"categories":[1],"tags":[],"class_list":["post-15099","post","type-post","status-publish","format-standard","has-post-thumbnail","hentry","category-cronica"],"_links":{"self":[{"href":"https:\/\/www.radiopresidenteibanez.cl\/web\/wp-json\/wp\/v2\/posts\/15099","targetHints":{"allow":["GET"]}}],"collection":[{"href":"https:\/\/www.radiopresidenteibanez.cl\/web\/wp-json\/wp\/v2\/posts"}],"about":[{"href":"https:\/\/www.radiopresidenteibanez.cl\/web\/wp-json\/wp\/v2\/types\/post"}],"author":[{"embeddable":true,"href":"https:\/\/www.radiopresidenteibanez.cl\/web\/wp-json\/wp\/v2\/users\/2"}],"replies":[{"embeddable":true,"href":"https:\/\/www.radiopresidenteibanez.cl\/web\/wp-json\/wp\/v2\/comments?post=15099"}],"version-history":[{"count":0,"href":"https:\/\/www.radiopresidenteibanez.cl\/web\/wp-json\/wp\/v2\/posts\/15099\/revisions"}],"wp:featuredmedia":[{"embeddable":true,"href":"https:\/\/www.radiopresidenteibanez.cl\/web\/wp-json\/wp\/v2\/media\/15100"}],"wp:attachment":[{"href":"https:\/\/www.radiopresidenteibanez.cl\/web\/wp-json\/wp\/v2\/media?parent=15099"}],"wp:term":[{"taxonomy":"category","embeddable":true,"href":"https:\/\/www.radiopresidenteibanez.cl\/web\/wp-json\/wp\/v2\/categories?post=15099"},{"taxonomy":"post_tag","embeddable":true,"href":"https:\/\/www.radiopresidenteibanez.cl\/web\/wp-json\/wp\/v2\/tags?post=15099"}],"curies":[{"name":"wp","href":"https:\/\/api.w.org\/{rel}","templated":true}]}}