{"id":15093,"date":"2020-10-07T13:09:07","date_gmt":"2020-10-07T13:09:07","guid":{"rendered":"https:\/\/www.radiopresidenteibanez.cl\/web\/?p=15093"},"modified":"2020-10-07T13:09:12","modified_gmt":"2020-10-07T13:09:12","slug":"pulso-sindical-diario-de-la-cgt-chile-13","status":"publish","type":"post","link":"https:\/\/www.radiopresidenteibanez.cl\/web\/pulso-sindical-diario-de-la-cgt-chile-13\/","title":{"rendered":"PULSO SINDICAL DIARIO DE LA CGT CHILE"},"content":{"rendered":"\n<p>Mis m\u00e1s cercanos saben que he nacido 3 veces y uno de esos\nnacimientos se produce el 4 de octubre de 1973.<\/p>\n\n\n\n<p>Desde siempre, y a\u00fan hoy, traigo las palabras grabadas de lo\nque hablamos ese 29 de setiembre de 1973. Mantengo vivo el recuerdo de esa\n\u00fanica conversaci\u00f3n que tuvimos sin ser castigados por ello, entregu\u00e9 los\nmensajes a los suyos tal y como lo pidieron y mantengo vigente el compromiso de\nno abandonar las banderas de lucha de la clase trabajadora. <\/p>\n\n\n\n<p>Ayud\u00f3 en esto el que todos fueran grandes amigos y compa\u00f1eros\nde mi padre, as\u00ed como el hecho de que al ser hijo de ferroviario pude\nimpregnarme de todo su esfuerzo y compromiso. <\/p>\n\n\n\n<p>A 47 a\u00f1os del fusilamiento de mis compas ferroviarios un 6\nde octubre, fecha que la CGT instituy\u00f3 como el D\u00cdA DE LA MEMORIA Y EL\nCOMPROMISO SINDICAL, puedo decir con orgullo y enorme satisfacci\u00f3n que, a pesar\nde las dificultades, pude cumplir con lo acordado, y ya en la CGT hay otras\ny&nbsp; otros que van tomando el relevo de\neducar, organizar y luchar con y por la clase trabajadora.<\/p>\n\n\n\n<p>Compa\u00f1eros de lucha y cautiverio, <\/p>\n\n\n\n<p>Alfredo Acevedo Pereira, (27 a\u00f1os); <\/p>\n\n\n\n<p>Roberto \u00c1vila M\u00e1rquez, (59); <\/p>\n\n\n\n<p>Ra\u00fal Castro Caldera, (23); <\/p>\n\n\n\n<p>Hern\u00e1n Chamorro Monardes, (29);<\/p>\n\n\n\n<p>&nbsp;Manuel Gonz\u00e1lez\nVargas, (46); <\/p>\n\n\n\n<p>Arturo Koyck Fredes, (48); <\/p>\n\n\n\n<p>Adiel Monsalves Mart\u00ednez, (41);<\/p>\n\n\n\n<p>Jos\u00e9 Morales \u00c1lvarez, (31); <\/p>\n\n\n\n<p>Pedro Oyarz\u00fan Zamorano, (36); <\/p>\n\n\n\n<p>Joel Silva Oliva, (37) <\/p>\n\n\n\n<p>Ram\u00f3n Vivanco D\u00edaz (44) <\/p>\n\n\n\n<p>Sepan que pese a mis fallas y errores, he tratado de cumplir\nlo que me encargaron.<\/p>\n\n\n\n<p>Les quiero y les recuerdo por siempre.<\/p>\n","protected":false},"excerpt":{"rendered":"<p>Mis m\u00e1s cercanos saben que he nacido 3 veces y uno de esos nacimientos se produce el 4 de octubre de 1973. Desde siempre, y a\u00fan hoy, traigo las palabras&#8230; <a class=\"read-more\" href=\"https:\/\/www.radiopresidenteibanez.cl\/web\/pulso-sindical-diario-de-la-cgt-chile-13\/\">Leer m\u00e1s<\/a><\/p>\n","protected":false},"author":2,"featured_media":14161,"comment_status":"closed","ping_status":"closed","sticky":false,"template":"","format":"standard","meta":{"footnotes":""},"categories":[1,48],"tags":[],"class_list":["post-15093","post","type-post","status-publish","format-standard","has-post-thumbnail","hentry","category-cronica","category-pulso-sindical-diario"],"_links":{"self":[{"href":"https:\/\/www.radiopresidenteibanez.cl\/web\/wp-json\/wp\/v2\/posts\/15093","targetHints":{"allow":["GET"]}}],"collection":[{"href":"https:\/\/www.radiopresidenteibanez.cl\/web\/wp-json\/wp\/v2\/posts"}],"about":[{"href":"https:\/\/www.radiopresidenteibanez.cl\/web\/wp-json\/wp\/v2\/types\/post"}],"author":[{"embeddable":true,"href":"https:\/\/www.radiopresidenteibanez.cl\/web\/wp-json\/wp\/v2\/users\/2"}],"replies":[{"embeddable":true,"href":"https:\/\/www.radiopresidenteibanez.cl\/web\/wp-json\/wp\/v2\/comments?post=15093"}],"version-history":[{"count":0,"href":"https:\/\/www.radiopresidenteibanez.cl\/web\/wp-json\/wp\/v2\/posts\/15093\/revisions"}],"wp:featuredmedia":[{"embeddable":true,"href":"https:\/\/www.radiopresidenteibanez.cl\/web\/wp-json\/wp\/v2\/media\/14161"}],"wp:attachment":[{"href":"https:\/\/www.radiopresidenteibanez.cl\/web\/wp-json\/wp\/v2\/media?parent=15093"}],"wp:term":[{"taxonomy":"category","embeddable":true,"href":"https:\/\/www.radiopresidenteibanez.cl\/web\/wp-json\/wp\/v2\/categories?post=15093"},{"taxonomy":"post_tag","embeddable":true,"href":"https:\/\/www.radiopresidenteibanez.cl\/web\/wp-json\/wp\/v2\/tags?post=15093"}],"curies":[{"name":"wp","href":"https:\/\/api.w.org\/{rel}","templated":true}]}}