{"id":15089,"date":"2020-10-06T14:53:27","date_gmt":"2020-10-06T14:53:27","guid":{"rendered":"https:\/\/www.radiopresidenteibanez.cl\/web\/?p=15089"},"modified":"2020-10-06T14:53:32","modified_gmt":"2020-10-06T14:53:32","slug":"proyecto-municipal-para-nuevos-juzgados-de-policia-local-ya-cuenta-con-rs-y-espera-su-aprobacion-por-parte-del-consejo-regional","status":"publish","type":"post","link":"https:\/\/www.radiopresidenteibanez.cl\/web\/proyecto-municipal-para-nuevos-juzgados-de-policia-local-ya-cuenta-con-rs-y-espera-su-aprobacion-por-parte-del-consejo-regional\/","title":{"rendered":"PROYECTO MUNICIPAL PARA NUEVOS JUZGADOS DE POLIC\u00cdA LOCAL YA CUENTA CON \u201cRS\u201d Y ESPERA SU APROBACI\u00d3N POR PARTE DEL CONSEJO REGIONAL"},"content":{"rendered":"\n<p>Desde la Municipalidad de Punta Arenas, reiteraron la necesidad de contar con un nuevo espacio que albergue los Juzgados de Polic\u00eda Local de nuestra comuna, raz\u00f3n por la cual el alcalde Claudio Radonich inform\u00f3 que se present\u00f3 un proyecto al Gobierno Regional, que busca concretar la construcci\u00f3n de un recinto que cuente con todas las comodidades y dimensiones que se requieren para atender tanto a los usuarios como a sus trabajadores.<\/p>\n\n\n\n<p>La iniciativa, que ya cuenta con Recomendaci\u00f3n favorable del Ministerio de Desarrollo Social, contempla la construcci\u00f3n de una nueva obra p\u00fablica que contar\u00eda con una superficie total de 1.167 metros cuadrados, en el que funcionar\u00e1n el 1er y 2do Juzgado de Polic\u00eda Local, y estar\u00eda ubicado en calle Jos\u00e9 Nogueira n\u00ba 1238 donde hoy se encuentra la Direcci\u00f3n de Operaciones Municipales.<\/p>\n\n\n\n<p>\u201cPresentamos un proyecto de obra p\u00fablica para Punta Arenas, que dice relaci\u00f3n con los nuevos Juzgados de Polic\u00eda Local, con una inversi\u00f3n de 3 mil 100 millones de pesos, que busca tener un espacio amplio y c\u00f3modo tanto para los usuarios como para los trabajadores\u201d, explic\u00f3 el alcalde Radonich.<\/p>\n\n\n\n<p>Asimismo, seg\u00fan palabras del director de Planificaci\u00f3n del Municipio, \u00c1lvaro Guzm\u00e1n, \u201csu ejecuci\u00f3n permitir\u00e1 contar con un inmueble con las condiciones adecuadas para el correcto desempe\u00f1o de los funcionarios p\u00fablicos de ambos juzgados. Esta iniciativa propone la construcci\u00f3n de un edificio de 2 pisos, m\u00e1s subterr\u00e1neo, considerando una superficie total de 1.167 m2. El primer piso estar\u00e1 destinado al primer juzgado de polic\u00eda local (452,64 m2), el segundo nivel al segundo juzgado de polic\u00eda local (440,67 m2) y el subterr\u00e1neo destinado a bodegas de archivos, bodega y sala de tableros (273,70 m2)\u201d.<\/p>\n\n\n\n<p>El actual recinto arrendado para el funcionamiento de los Juzgados de Polic\u00eda Local de Punta Arenas, ubicado en calle Balmaceda 661-667, es insuficiente para responder adecuadamente a la demanda de atenciones.<\/p>\n\n\n\n<p>Finalmente, la autoridad comunal agreg\u00f3 que \u201choy luego de diversas evaluaciones, presentamos una iniciativa totalmente viable y construible, por lo que esperamos que el Gobierno y Consejo Regional apoyen este proyecto\u201d.<\/p>\n","protected":false},"excerpt":{"rendered":"<p>Desde la Municipalidad de Punta Arenas, reiteraron la necesidad de contar con un nuevo espacio que albergue los Juzgados de Polic\u00eda Local de nuestra comuna, raz\u00f3n por la cual el&#8230; <a class=\"read-more\" href=\"https:\/\/www.radiopresidenteibanez.cl\/web\/proyecto-municipal-para-nuevos-juzgados-de-policia-local-ya-cuenta-con-rs-y-espera-su-aprobacion-por-parte-del-consejo-regional\/\">Leer m\u00e1s<\/a><\/p>\n","protected":false},"author":2,"featured_media":15090,"comment_status":"closed","ping_status":"closed","sticky":false,"template":"","format":"standard","meta":{"footnotes":""},"categories":[1],"tags":[],"class_list":["post-15089","post","type-post","status-publish","format-standard","has-post-thumbnail","hentry","category-cronica"],"_links":{"self":[{"href":"https:\/\/www.radiopresidenteibanez.cl\/web\/wp-json\/wp\/v2\/posts\/15089","targetHints":{"allow":["GET"]}}],"collection":[{"href":"https:\/\/www.radiopresidenteibanez.cl\/web\/wp-json\/wp\/v2\/posts"}],"about":[{"href":"https:\/\/www.radiopresidenteibanez.cl\/web\/wp-json\/wp\/v2\/types\/post"}],"author":[{"embeddable":true,"href":"https:\/\/www.radiopresidenteibanez.cl\/web\/wp-json\/wp\/v2\/users\/2"}],"replies":[{"embeddable":true,"href":"https:\/\/www.radiopresidenteibanez.cl\/web\/wp-json\/wp\/v2\/comments?post=15089"}],"version-history":[{"count":0,"href":"https:\/\/www.radiopresidenteibanez.cl\/web\/wp-json\/wp\/v2\/posts\/15089\/revisions"}],"wp:featuredmedia":[{"embeddable":true,"href":"https:\/\/www.radiopresidenteibanez.cl\/web\/wp-json\/wp\/v2\/media\/15090"}],"wp:attachment":[{"href":"https:\/\/www.radiopresidenteibanez.cl\/web\/wp-json\/wp\/v2\/media?parent=15089"}],"wp:term":[{"taxonomy":"category","embeddable":true,"href":"https:\/\/www.radiopresidenteibanez.cl\/web\/wp-json\/wp\/v2\/categories?post=15089"},{"taxonomy":"post_tag","embeddable":true,"href":"https:\/\/www.radiopresidenteibanez.cl\/web\/wp-json\/wp\/v2\/tags?post=15089"}],"curies":[{"name":"wp","href":"https:\/\/api.w.org\/{rel}","templated":true}]}}