{"id":15086,"date":"2020-10-06T14:49:09","date_gmt":"2020-10-06T14:49:09","guid":{"rendered":"https:\/\/www.radiopresidenteibanez.cl\/web\/?p=15086"},"modified":"2020-10-06T14:49:14","modified_gmt":"2020-10-06T14:49:14","slug":"partido-comunista-punta-arenas-acusa-ataque-a-sede-del-partido","status":"publish","type":"post","link":"https:\/\/www.radiopresidenteibanez.cl\/web\/partido-comunista-punta-arenas-acusa-ataque-a-sede-del-partido\/","title":{"rendered":"PARTIDO COMUNISTA PUNTA ARENAS ACUSA ATAQUE A SEDE DEL PARTIDO"},"content":{"rendered":"\n<p><strong>Ataque&nbsp; sufrido&nbsp;\npor local del Partido Comunista en Punta Arenas<\/strong><\/p>\n\n\n\n<p>Como\nPartido Comunista y Juventudes Comunistas de Magallanes, hacemos p\u00fablica\nnuestra molestia y repudio hacia el nefasto ataque que sufri\u00f3 nuestra sede\npartidaria en la madrugada de hoy lunes 5 de octubre. El mural pintado en el\nfrontis del local fue vandalizado, pegando una serie de afiches en alusi\u00f3n al\nrechazo y a supuestas redes de poder a nivel mundial (lo cual es completamente\nabsurdo y paranoico). <\/p>\n\n\n\n<p>Sin\nlugar a dudas, este tipo de conductas reflejan la irracionalidad y nula\nvocaci\u00f3n democr\u00e1tica de los sectores que respaldan esta opci\u00f3n plebiscitaria, los\nque atentan directamente contra la sana convivencia c\u00edvica que debe existir en\nuna democracia plena, donde se respetan las posturas electorales, program\u00e1ticas\ne ideol\u00f3gicas de todos los sectores de la sociedad, en tanto no contravengan el\nrespeto irrestricto a los DDHH.<\/p>\n\n\n\n<p>Nos\nllama profundamente la atenci\u00f3n como estos grup\u00fasculos han pegado este tipo de\npropaganda en algunos sectores de la ciudad, sin ser descubiertos por los\ncontroles sanitarios, ya que de momento, hasta donde sabemos no existe un\npermiso espec\u00edfico para realizar este tipo de actividades. <\/p>\n\n\n\n<p>Tambi\u00e9n\nnos llama la atenci\u00f3n que no haya sido advertida esta acci\u00f3n de ataque a\nnuestra sede partidaria por parte de Carabineros, ya que existe una c\u00e1mara de\nvigilancia de alta tecnolog\u00eda en la esquina de Chilo\u00e9 con Err\u00e1zuriz, la que nos\nconsta que efectivamente es controlada por la entidad policial, porque son\nusadas recurrentemente como medios de prueba para otros delitos, sobre todo en\nla criminalizaci\u00f3n de la protesta social. Por esto exigimos que utilicen las\ngrabaciones de dichas c\u00e1maras para dilucidar qui\u00e9nes realizaron el atentado a\nnuestra sede.<\/p>\n\n\n\n<p>Es\nde vital importancia detener pronto este tipo de acciones. Recordamos que\nrecientemente ya ha habido otros ataques muchos m\u00e1s graves, como <\/p>\n\n\n\n<p>el\nincendio de la Casa de los DD.HH. ubicada en Avenida Col\u00f3n, y que pudiendo o no\nestar relacionado con lo ocurrido hoy, va en la misma l\u00ednea de intolerancia que\nno podemos permitir en nuestro pa\u00eds.<\/p>\n\n\n\n<p>Finalmente,\nhacemos un llamado a estar alertas ante este tipo de grupos y denunciarlos. A\ntrav\u00e9s de estas acciones evidencian que no tienen ning\u00fan compromiso y respeto\npor la democracia y no temen imponer su postura por la fuerza de ser necesario,\ncomo ya lo hicieron cuando consumaron la m\u00e1xima traici\u00f3n a la patria el 11 de\nseptiembre de 1973. <\/p>\n\n\n\n<p>Como\nPartido Comunista y Juventudes Comunistas de Magallanes, vamos a seguir\nempujando el cambio constitucional a trav\u00e9s de la Convenci\u00f3n Constitucional,\nporque estamos convencidos de que ese es el camino para construir un&nbsp; Chile nuevo y mejor para toda la ciudadan\u00eda.<\/p>\n","protected":false},"excerpt":{"rendered":"<p>Ataque&nbsp; sufrido&nbsp; por local del Partido Comunista en Punta Arenas Como Partido Comunista y Juventudes Comunistas de Magallanes, hacemos p\u00fablica nuestra molestia y repudio hacia el nefasto ataque que sufri\u00f3&#8230; <a class=\"read-more\" href=\"https:\/\/www.radiopresidenteibanez.cl\/web\/partido-comunista-punta-arenas-acusa-ataque-a-sede-del-partido\/\">Leer m\u00e1s<\/a><\/p>\n","protected":false},"author":2,"featured_media":15087,"comment_status":"closed","ping_status":"closed","sticky":false,"template":"","format":"standard","meta":{"footnotes":""},"categories":[1],"tags":[],"class_list":["post-15086","post","type-post","status-publish","format-standard","has-post-thumbnail","hentry","category-cronica"],"_links":{"self":[{"href":"https:\/\/www.radiopresidenteibanez.cl\/web\/wp-json\/wp\/v2\/posts\/15086","targetHints":{"allow":["GET"]}}],"collection":[{"href":"https:\/\/www.radiopresidenteibanez.cl\/web\/wp-json\/wp\/v2\/posts"}],"about":[{"href":"https:\/\/www.radiopresidenteibanez.cl\/web\/wp-json\/wp\/v2\/types\/post"}],"author":[{"embeddable":true,"href":"https:\/\/www.radiopresidenteibanez.cl\/web\/wp-json\/wp\/v2\/users\/2"}],"replies":[{"embeddable":true,"href":"https:\/\/www.radiopresidenteibanez.cl\/web\/wp-json\/wp\/v2\/comments?post=15086"}],"version-history":[{"count":0,"href":"https:\/\/www.radiopresidenteibanez.cl\/web\/wp-json\/wp\/v2\/posts\/15086\/revisions"}],"wp:featuredmedia":[{"embeddable":true,"href":"https:\/\/www.radiopresidenteibanez.cl\/web\/wp-json\/wp\/v2\/media\/15087"}],"wp:attachment":[{"href":"https:\/\/www.radiopresidenteibanez.cl\/web\/wp-json\/wp\/v2\/media?parent=15086"}],"wp:term":[{"taxonomy":"category","embeddable":true,"href":"https:\/\/www.radiopresidenteibanez.cl\/web\/wp-json\/wp\/v2\/categories?post=15086"},{"taxonomy":"post_tag","embeddable":true,"href":"https:\/\/www.radiopresidenteibanez.cl\/web\/wp-json\/wp\/v2\/tags?post=15086"}],"curies":[{"name":"wp","href":"https:\/\/api.w.org\/{rel}","templated":true}]}}