{"id":15082,"date":"2020-10-05T14:36:33","date_gmt":"2020-10-05T14:36:33","guid":{"rendered":"https:\/\/www.radiopresidenteibanez.cl\/web\/?p=15082"},"modified":"2020-10-05T14:36:41","modified_gmt":"2020-10-05T14:36:41","slug":"concejala-veronica-aguilar-reitera-la-urgencia-de-conformar-una-mesa-social-para-afrontar-la-crisis-en-punta-arenas","status":"publish","type":"post","link":"https:\/\/www.radiopresidenteibanez.cl\/web\/concejala-veronica-aguilar-reitera-la-urgencia-de-conformar-una-mesa-social-para-afrontar-la-crisis-en-punta-arenas\/","title":{"rendered":"CONCEJALA VER\u00d3NICA AGUILAR REITERA LA URGENCIA DE CONFORMAR UNA MESA SOCIAL PARA AFRONTAR LA CRISIS EN PUNTA ARENAS"},"content":{"rendered":"\n<p>Tras reunirse con representantes de movimientos\nciudadanos, trabajadores informales e independientes, la concejala Ver\u00f3nica\nAguilar manifest\u00f3 que no ha existido dialogo con los distintos actores de la\nsociedad civil, teniendo como consecuencia a la ciudadan\u00eda sumida en la\nincertidumbre y la desesperanza. Adem\u00e1s, se\u00f1al\u00f3 que las autoridades regionales\nhan estado ausentes. Durante el mes de Agosto, La concejala solicit\u00f3 al ex\nintendente Jose Fern\u00e1ndez, realizar una mesa social, que sumando la mirada de\nlos actores sociales, sin excepci\u00f3n logre implementar medidas de car\u00e1cter\nt\u00e9cnico para afrontar la crisis sanitaria, que ha profundizado la crisis social\ny econ\u00f3mica, con un fuerte impacto en los hogares de Punta Arenas.<\/p>\n\n\n\n<p>\u201cLa situaci\u00f3n en Punta\nArenas es compleja, he visto de cerca como familiares y amigos han tenido que\ndespedirse de sus seres queridos sin saber si los volver\u00e1n a ver\ndej\u00e1ndolos&nbsp; en urgencias de alg\u00fan hospital, he visto como mis amigos que\ntrabajan en los servicios de salud est\u00e1n agotados, estresados, con temor pero\ncon una fortaleza para seguir tremenda, al igual que muchos no han visto a sus\nfamilias en meses, he visto como ni\u00f1os y adultos mayores estresados por el\nencierro est\u00e1n con angustia, crisis de p\u00e1nico , estr\u00e9s, en fin.\u201d se\u00f1al\u00f3.<\/p>\n\n\n\n<p>\u201cHe visto, en terreno, como\nmuchas familias han sido desalojadas por no pagar sus arriendos, amigos,\nvecinos, hoy est\u00e1n en una incertidumbre tremenda porque&nbsp; no hay plata para\npagar las cuentas&nbsp; o comprar la comida diaria, he visto la desesperaci\u00f3n\nde vecinos que ya no saben qu\u00e9 hacer, que lo han intentado todo, y que\nsimplemente se les han cerrado las puertas, he visto como amigos que con mucho\nesfuerzo ten\u00edan sus locales, peluqueros, hostales, cafeter\u00edas, y otros, est\u00e1n\nsentados con las manos atadas sin poder trabajar. El gobierno, el Estado, solo\nha puesto trabas burocr\u00e1ticas para acceder a beneficios con requisitos\ninalcanzables, como el registro social de hogares que muchas veces los\nporcentajes est\u00e1n aumentados. Los vecinos no necesitan postulaciones, necesitan\nrecursos, necesitan alimentos, necesitan seguridad, necesitan confianza\u201d.<\/p>\n\n\n\n<p>Sobre las medidas\nanunciadas por la intendenta Jennifer Rojas se\u00f1al\u00f3 \u201cLas medidas cada vez m\u00e1s\nrestrictivas impuestas en nuestra regi\u00f3n, solo sirven para confinar y\nempobrecer a estos cientos de vecinos, solo sirven para exponer a cientos de\ntrabajadores de las famosas empresas esenciales, que cuando tiene un trabajador\ncontagiado, les ponen problemas con licencias, y no existen los resguardos\nlaborales pertinentes, \u00e9stas medidas solo benefician al gran empresariado y\nperjudican a la gran mayor\u00eda de los vecinos y vecinas. Perjudican a nuestro\npersonal de salud, que mientras esperan que la gente se cuide, el gobierno\npermite el ingreso de cientos de trabajadores \u201cesenciales\u00bb.<\/p>\n\n\n\n<p>La concejala Aguilar\nadvierte que existe un clima de tensi\u00f3n y anticipa posibles manifestaciones\n\u201cnuestra regi\u00f3n est\u00e1 en alerta, nuestros vecinos se est\u00e1n muriendo por la\npandemia y otros est\u00e1n confinados al hambre y la pobreza, y al presidente\nPi\u00f1era no le importa. Estamos cansados de ser el laboratorio de chile, o el\npatio trasero de este gobierno que es sordo, ciego y mudo. Los vecinos hicimos\nun compromiso desde el d\u00eda 1 de cuidarnos, y as\u00ed se vio en la primera\ncuarentena, hoy los responsabilizamos a ustedes, sus medidas poco claras, sus\ncontradicciones, sus errores no forzados, sus defensas a las aerol\u00edneas y\ngrandes empresas \u201cesenciales\u00bb nos tienen en una situaci\u00f3n desastrosa\u201d<\/p>\n\n\n\n<p>Finalmente concluy\u00f3 que exige la conformaci\u00f3n de una mesa transversal de\ncar\u00e1cter social, para la b\u00fasqueda de soluciones a nivel local, con la voz de\nlas personas que est\u00e1n siendo directamente afectadas por la pandemia \u201cNo\npodemos seguir esperando, el tiempo de trabajar en conjunto es ahora, vuelvo a\nexigir con fuerza la creaci\u00f3n de una mesa social que aborde de manera t\u00e9cnica\nla crisis sanitaria, social y econ\u00f3mica que nos afecta<\/p>\n","protected":false},"excerpt":{"rendered":"<p>Tras reunirse con representantes de movimientos ciudadanos, trabajadores informales e independientes, la concejala Ver\u00f3nica Aguilar manifest\u00f3 que no ha existido dialogo con los distintos actores de la sociedad civil, teniendo&#8230; <a class=\"read-more\" href=\"https:\/\/www.radiopresidenteibanez.cl\/web\/concejala-veronica-aguilar-reitera-la-urgencia-de-conformar-una-mesa-social-para-afrontar-la-crisis-en-punta-arenas\/\">Leer m\u00e1s<\/a><\/p>\n","protected":false},"author":2,"featured_media":15083,"comment_status":"closed","ping_status":"closed","sticky":false,"template":"","format":"standard","meta":{"footnotes":""},"categories":[1],"tags":[],"class_list":["post-15082","post","type-post","status-publish","format-standard","has-post-thumbnail","hentry","category-cronica"],"_links":{"self":[{"href":"https:\/\/www.radiopresidenteibanez.cl\/web\/wp-json\/wp\/v2\/posts\/15082","targetHints":{"allow":["GET"]}}],"collection":[{"href":"https:\/\/www.radiopresidenteibanez.cl\/web\/wp-json\/wp\/v2\/posts"}],"about":[{"href":"https:\/\/www.radiopresidenteibanez.cl\/web\/wp-json\/wp\/v2\/types\/post"}],"author":[{"embeddable":true,"href":"https:\/\/www.radiopresidenteibanez.cl\/web\/wp-json\/wp\/v2\/users\/2"}],"replies":[{"embeddable":true,"href":"https:\/\/www.radiopresidenteibanez.cl\/web\/wp-json\/wp\/v2\/comments?post=15082"}],"version-history":[{"count":0,"href":"https:\/\/www.radiopresidenteibanez.cl\/web\/wp-json\/wp\/v2\/posts\/15082\/revisions"}],"wp:featuredmedia":[{"embeddable":true,"href":"https:\/\/www.radiopresidenteibanez.cl\/web\/wp-json\/wp\/v2\/media\/15083"}],"wp:attachment":[{"href":"https:\/\/www.radiopresidenteibanez.cl\/web\/wp-json\/wp\/v2\/media?parent=15082"}],"wp:term":[{"taxonomy":"category","embeddable":true,"href":"https:\/\/www.radiopresidenteibanez.cl\/web\/wp-json\/wp\/v2\/categories?post=15082"},{"taxonomy":"post_tag","embeddable":true,"href":"https:\/\/www.radiopresidenteibanez.cl\/web\/wp-json\/wp\/v2\/tags?post=15082"}],"curies":[{"name":"wp","href":"https:\/\/api.w.org\/{rel}","templated":true}]}}