{"id":15079,"date":"2020-10-05T14:31:31","date_gmt":"2020-10-05T14:31:31","guid":{"rendered":"https:\/\/www.radiopresidenteibanez.cl\/web\/?p=15079"},"modified":"2020-10-05T14:31:41","modified_gmt":"2020-10-05T14:31:41","slug":"seremia-de-la-mujer-y-la-equidad-de-genero-repudiamos-hecho-de-violencia-contra-una-mujer-ocurrido-en-las-ultimas-horas","status":"publish","type":"post","link":"https:\/\/www.radiopresidenteibanez.cl\/web\/seremia-de-la-mujer-y-la-equidad-de-genero-repudiamos-hecho-de-violencia-contra-una-mujer-ocurrido-en-las-ultimas-horas\/","title":{"rendered":"SEREMIA DE LA MUJER Y LA EQUIDAD DE G\u00c9NERO: REPUDIAMOS HECHO DE VIOLENCIA CONTRA UNA MUJER OCURRIDO EN LAS \u00daLTIMAS HORAS"},"content":{"rendered":"\n<p>\u201cComo Seremia de la Mujer y\nla Equidad de G\u00e9nero, repudiamos hecho de violencia contra una mujer en Punta\nArenas, en la madrugada del d\u00eda de hoy\u201d. As\u00ed lo expres\u00f3 la titular regional de\nla cartera, Daisy Carrera Ocaranza.<\/p>\n\n\n\n<p>En esta ocasi\u00f3n,\npuntualiz\u00f3, la mujer por ser participante de uno de los programas de violencia\ncontra las mujeres del Servicio Nacional de la Mujer y EG, contaba con algunas\nmedidas de seguridad, en este caso la llamada de emergencia que entrega este\nServicio, que permite activar la protecci\u00f3n, siendo Carabineros de Chile, quien\nconcurre al lugar de los hechos en forma muy r\u00e1pida interrumpiendo el hecho de\nviolencia de que era v\u00edctima.<\/p>\n\n\n\n<p>El 7 marzo el agresor fue\ncondenado por VIF, por lo que una de las medidas que el Ministerio Publico dict\u00f3\nes la orden de alejamiento.&nbsp; Y en forma\nparalela se entregan otras herramientas para su protecci\u00f3n, por parte de SernamEG,\nque fue lo que oper\u00f3 en este caso.<\/p>\n\n\n\n<p>La mujer que est\u00e1 viviendo\nviolencia seguir\u00e1 contando con todo el apoyo del Centro de la Mujer, recibiendo\natenci\u00f3n psicol\u00f3gica, social y legal, ya que ese es su deseo, agreg\u00f3 Daisy\nCarrera.&nbsp; Ante una situaci\u00f3n de violencia\ninminente recordar que se debe llamar a Carabineros de Chile: 133 o a la Polic\u00eda\nde Investigaciones, PDI: 134.<\/p>\n\n\n\n<p>Hacemos un llamado a toda\nla comunidad a estar alertas, y no permitir hechos de violencia contra las\nmujeres, e informarse a trav\u00e9s de nuestro fono de orientaci\u00f3n 1455 y nuestro\nwhatsapp silencioso +569 9700 7000.<\/p>\n\n\n\n<p>Daisy Carrera<\/p>\n\n\n\n<p>Seremi de mujer y la\nequidad de g\u00e9nero<\/p>\n\n\n\n<p>Regi\u00f3n de Magallanes y\nAnt\u00e1rtica Chilena<\/p>\n","protected":false},"excerpt":{"rendered":"<p>\u201cComo Seremia de la Mujer y la Equidad de G\u00e9nero, repudiamos hecho de violencia contra una mujer en Punta Arenas, en la madrugada del d\u00eda de hoy\u201d. As\u00ed lo expres\u00f3&#8230; <a class=\"read-more\" href=\"https:\/\/www.radiopresidenteibanez.cl\/web\/seremia-de-la-mujer-y-la-equidad-de-genero-repudiamos-hecho-de-violencia-contra-una-mujer-ocurrido-en-las-ultimas-horas\/\">Leer m\u00e1s<\/a><\/p>\n","protected":false},"author":2,"featured_media":15080,"comment_status":"closed","ping_status":"closed","sticky":false,"template":"","format":"standard","meta":{"footnotes":""},"categories":[1],"tags":[],"class_list":["post-15079","post","type-post","status-publish","format-standard","has-post-thumbnail","hentry","category-cronica"],"_links":{"self":[{"href":"https:\/\/www.radiopresidenteibanez.cl\/web\/wp-json\/wp\/v2\/posts\/15079","targetHints":{"allow":["GET"]}}],"collection":[{"href":"https:\/\/www.radiopresidenteibanez.cl\/web\/wp-json\/wp\/v2\/posts"}],"about":[{"href":"https:\/\/www.radiopresidenteibanez.cl\/web\/wp-json\/wp\/v2\/types\/post"}],"author":[{"embeddable":true,"href":"https:\/\/www.radiopresidenteibanez.cl\/web\/wp-json\/wp\/v2\/users\/2"}],"replies":[{"embeddable":true,"href":"https:\/\/www.radiopresidenteibanez.cl\/web\/wp-json\/wp\/v2\/comments?post=15079"}],"version-history":[{"count":0,"href":"https:\/\/www.radiopresidenteibanez.cl\/web\/wp-json\/wp\/v2\/posts\/15079\/revisions"}],"wp:featuredmedia":[{"embeddable":true,"href":"https:\/\/www.radiopresidenteibanez.cl\/web\/wp-json\/wp\/v2\/media\/15080"}],"wp:attachment":[{"href":"https:\/\/www.radiopresidenteibanez.cl\/web\/wp-json\/wp\/v2\/media?parent=15079"}],"wp:term":[{"taxonomy":"category","embeddable":true,"href":"https:\/\/www.radiopresidenteibanez.cl\/web\/wp-json\/wp\/v2\/categories?post=15079"},{"taxonomy":"post_tag","embeddable":true,"href":"https:\/\/www.radiopresidenteibanez.cl\/web\/wp-json\/wp\/v2\/tags?post=15079"}],"curies":[{"name":"wp","href":"https:\/\/api.w.org\/{rel}","templated":true}]}}