{"id":15077,"date":"2020-10-05T14:29:08","date_gmt":"2020-10-05T14:29:08","guid":{"rendered":"https:\/\/www.radiopresidenteibanez.cl\/web\/?p=15077"},"modified":"2020-10-05T14:29:14","modified_gmt":"2020-10-05T14:29:14","slug":"en-recuerdo-de-quino-por-ernesto-sepulveda-tornero","status":"publish","type":"post","link":"https:\/\/www.radiopresidenteibanez.cl\/web\/en-recuerdo-de-quino-por-ernesto-sepulveda-tornero\/","title":{"rendered":"EN RECUERDO DE QUINO por Ernesto Sep\u00falveda Tornero"},"content":{"rendered":"\n<p>Esta semana parti\u00f3 el querido\ncreador, dibujante, y observador agudo de la vida, don Joaqu\u00edn Lavado, conocido\nen el mundo como Quino. Un autor prol\u00edfico de tiras c\u00f3micas, que de c\u00f3micas no\nten\u00edan demasiado, y s\u00ed abundancia de sabidur\u00eda popular. Seguro casi todos los\nrecuerdan por ser el padre de Mafalda, esa ni\u00f1ita hija de una familia de la\nclase media argentina, de por all\u00e1 los a\u00f1os 60. Esta misma semana Mafalda\ncumpl\u00eda 56 a\u00f1os desde su creaci\u00f3n. Quino fue una voz muy clara, y valiente, en\ntiempos del oscurantismo. Aquel tiempo de sables y de uniformes, que desangr\u00f3\nAm\u00e9rica Latina por d\u00e9cadas. La maestr\u00eda de la vida, que ten\u00eda Quino, le hizo\nrepresentar en sus personajes, a generaciones completas. No s\u00f3lo de argentinos,\ny latinoamericanos, sino de habitantes de cualquier lugar de este planeta. <\/p>\n\n\n\n<p>Mafalda, mostr\u00f3 una preocupaci\u00f3n\nconstante por los mayores, por la naturaleza, por el amor o la falta de este, y\nuna esperanza gigantesca por la paz. Porque el mundo viviera, aunque sea un\npeque\u00f1o instante de paz.&nbsp; <\/p>\n\n\n\n<p>Quino fue un agudo observador de\nla contingencia social y pol\u00edtica, le preocupaban sobremanera los despose\u00eddos,\nlos trabajadores oprimidos. Todas o la gran mayor\u00eda de sus dibujos de los\n\u00faltimos a\u00f1os, ten\u00edan esa tem\u00e1tica. Supo plasmar la realidad, con un estilo\nsimple pero elegante, lejos del panfleto pol\u00edtico, lejos de toda odiosidad. En\ntiempos en que las personas se aferran a jirones de ideolog\u00edas, a retazos\ndifusos de proyectos de otras \u00e9pocas, de otras tierras. En tiempos en qu\u00e9 por\nuna diferencia de opini\u00f3n, se desatan las furias, y con facilidad se llega\nincluso a la violencia f\u00edsica. Revisar sus obras, es un solaz, un peque\u00f1o\nrecreo. Donde podemos perder la noci\u00f3n del tiempo, con las ofertas del \u201cAlmac\u00e9n\ndon Manolo\u201d, las preocupaciones y timidez extrema de Felipe. Siempre a punto de\nhablarle a la chica que le gusta. <\/p>\n\n\n\n<p>Cuando vivimos, angustiados por\nla pandemia, que pareciera no terminar. Podemos darnos el tiempo de mirar el\nmundo, no desde el adulto que cree saberlo todo, que tiene todas las\nrespuestas. Sino desde la mirada transparente de un ni\u00f1o o una ni\u00f1a, cuyo\nuniverso completo, cabe en una cajita de cart\u00f3n, en un dibujo, en un libro.\nAunque las preocupaciones materiales, muchas veces nos cieguen, y no podamos\nver otra cosa, que no sea la batalla cotidiana. En el fondo, todos nosotros\nanhelamos, esa paz, esa alegr\u00eda simple y sencilla de los m\u00e1s peque\u00f1os.<\/p>\n\n\n\n<p>Hagamos esta semana, un peque\u00f1o\nesfuerzo, dejemos por un momento de ser esos adultos tan graves, que pareciera\nque no r\u00eden nunca. Hombres y mujeres de ce\u00f1o adusto, que parecieran llevar la\nnube negra sobre sus cabezas. Hagamos un peque\u00f1o esfuerzo y pensemos en los\nni\u00f1os, en darles un momento de alegr\u00eda, de juegos, de risas. Que sea nuestro\nhomenaje al gran Quino, y hagamos felices a los m\u00e1s peque\u00f1os de la casa. Que\nesta semana, no todo sea lecciones y platos de sopa, dejemos espacio tambi\u00e9n\npara Mafalda y sus amigos puedan hacer de las suyas.<\/p>\n\n\n\n<p>Hoy cumple a\u00f1os mi hijo Santiago,\ny tratar\u00e9 de compensar con mi cari\u00f1o y mejor sonrisa, todos aquellos momentos\nque ha tenido que estar pegado a una pantalla, en clases online. La vida es\ndemasiado valiosa, para que se nos vaya de este modo. <\/p>\n\n\n\n<p>&nbsp;Y a ti querido Quino, te seguimos leyendo.<\/p>\n\n\n\n<p>Ernesto Sep\u00falveda Tornero<\/p>\n","protected":false},"excerpt":{"rendered":"<p>Esta semana parti\u00f3 el querido creador, dibujante, y observador agudo de la vida, don Joaqu\u00edn Lavado, conocido en el mundo como Quino. Un autor prol\u00edfico de tiras c\u00f3micas, que de&#8230; <a class=\"read-more\" href=\"https:\/\/www.radiopresidenteibanez.cl\/web\/en-recuerdo-de-quino-por-ernesto-sepulveda-tornero\/\">Leer m\u00e1s<\/a><\/p>\n","protected":false},"author":2,"featured_media":2310,"comment_status":"closed","ping_status":"closed","sticky":false,"template":"","format":"standard","meta":{"footnotes":""},"categories":[1],"tags":[],"class_list":["post-15077","post","type-post","status-publish","format-standard","has-post-thumbnail","hentry","category-cronica"],"_links":{"self":[{"href":"https:\/\/www.radiopresidenteibanez.cl\/web\/wp-json\/wp\/v2\/posts\/15077","targetHints":{"allow":["GET"]}}],"collection":[{"href":"https:\/\/www.radiopresidenteibanez.cl\/web\/wp-json\/wp\/v2\/posts"}],"about":[{"href":"https:\/\/www.radiopresidenteibanez.cl\/web\/wp-json\/wp\/v2\/types\/post"}],"author":[{"embeddable":true,"href":"https:\/\/www.radiopresidenteibanez.cl\/web\/wp-json\/wp\/v2\/users\/2"}],"replies":[{"embeddable":true,"href":"https:\/\/www.radiopresidenteibanez.cl\/web\/wp-json\/wp\/v2\/comments?post=15077"}],"version-history":[{"count":0,"href":"https:\/\/www.radiopresidenteibanez.cl\/web\/wp-json\/wp\/v2\/posts\/15077\/revisions"}],"wp:featuredmedia":[{"embeddable":true,"href":"https:\/\/www.radiopresidenteibanez.cl\/web\/wp-json\/wp\/v2\/media\/2310"}],"wp:attachment":[{"href":"https:\/\/www.radiopresidenteibanez.cl\/web\/wp-json\/wp\/v2\/media?parent=15077"}],"wp:term":[{"taxonomy":"category","embeddable":true,"href":"https:\/\/www.radiopresidenteibanez.cl\/web\/wp-json\/wp\/v2\/categories?post=15077"},{"taxonomy":"post_tag","embeddable":true,"href":"https:\/\/www.radiopresidenteibanez.cl\/web\/wp-json\/wp\/v2\/tags?post=15077"}],"curies":[{"name":"wp","href":"https:\/\/api.w.org\/{rel}","templated":true}]}}