{"id":15074,"date":"2020-10-05T14:27:47","date_gmt":"2020-10-05T14:27:47","guid":{"rendered":"https:\/\/www.radiopresidenteibanez.cl\/web\/?p=15074"},"modified":"2020-10-05T14:27:51","modified_gmt":"2020-10-05T14:27:51","slug":"la-franja-por-nicolas-galvez-lopez","status":"publish","type":"post","link":"https:\/\/www.radiopresidenteibanez.cl\/web\/la-franja-por-nicolas-galvez-lopez\/","title":{"rendered":"LA FRANJA por Nicol\u00e1s G\u00e1lvez L\u00f3pez"},"content":{"rendered":"\n<p>Cuando los\/as chilenos y chilenas\nnos sentamos frente al televisor el 5 de septiembre de 1988 a mirar por primera\nvez la franja televisiva, nos encontramos con un mensaje lleno de esperanza y\nalegr\u00eda de que las cosas pod\u00edan ser diferentes, sin odio sin violencia. El\nmensaje era uno solo y muy claro, hab\u00eda que derrotar en las urnas a la\ndictadura sangrienta que desde 1973 gobernaba ileg\u00edtimamente el pa\u00eds y que produjo\nel quiebre institucional mas importante de nuestra historia democr\u00e1tica. Este\nplebiscito era el tercero de los cuatro que se realizaron en esa oscura p\u00e1gina\nde la historia chilena y por primera vez se votaba con registros electorales,\norganizaci\u00f3n de la oposici\u00f3n y campa\u00f1as pol\u00edticas televisadas que daban una\nsensaci\u00f3n de legitimidad dentro del marco de represi\u00f3n e impunidad que impuso\nel r\u00e9gimen hasta el \u00faltimo de sus d\u00edas. La franja se emiti\u00f3 hasta el 1 de\noctubre de 1988 y buscaba informar a los mas de siete millones de chilenos y\nchilenas habilitados\/as para votar, el equivalente al 92% de aquellos\/as\nfacultados\/as para emitir su preferencia. A lo largo de estos 32 a\u00f1os se ha\nescrito y comentado mucho acerca del \u00e9xito de la campa\u00f1a opositora de la \u00e9poca\ny como el oficialismo fue incapaz de aprovechar la oportunidad de validar el\nr\u00e9gimen con todo a su favor, presentando una campa\u00f1a televisiva del terror,\nviolenta y alejada de la realidad que el pa\u00eds viv\u00eda en ese entonces y que adem\u00e1s\nfue intervenida a partir del resultado poco auspiciador en las encuestas de\npercepci\u00f3n, nada muy diferente a lo que presenta el oficialismo en la actualidad.<\/p>\n\n\n\n<p>Pero buena parte del \u00e9xito de la\nfranja por el No estuvo dada por la capacidad de los actores pol\u00edticos y los\npartidos de la \u00e9poca de dar cabida y participaci\u00f3n al m\u00e1s amplio espectro de\norganizaciones y representaciones populares en una campa\u00f1a que convoco a\nmillones de chilenos y chilenas de todas las edades y por todos los rincones\ndel pa\u00eds con la certeza que era posible dar un portazo al autoritarismo y la\ncorrupci\u00f3n instalados en lo m\u00e1s profundo del Estado.<\/p>\n\n\n\n<p>Hoy en pleno per\u00edodo de campa\u00f1a para\nel plebiscito del 25 de octubre &nbsp;y&nbsp; habiendo visto la franja actual, se vuelven a\u00fan\nm\u00e1s nost\u00e1lgicos los recuerdos de ese hito de la pol\u00edtica nacional, sobre todo\nobservando la oportunidad desaprovechada por los partidos &nbsp;y actores pol\u00edticos de dar una clara se\u00f1al de Unidad\ncon el <strong>APRUEBO y la CONVENCI\u00d3N\nCONSTITUCIONAL<\/strong>, presentando un espacio televisivo falto de ideas y\noriginalidad alejada de esa propuesta convocante a dar un triunfo contundente y\ncapaz de remover las conciencias pol\u00edticas y hacer entender de una vez que en\nlos pr\u00f3ximos procesos eleccionarios de nuestro pa\u00eds nos jugamos los pr\u00f3ximos 40\na\u00f1os.<\/p>\n\n\n\n<p>Lo positivo es que aun estamos a\ntiempo de enmendar el rumbo y contribuir todos y todas en entender que hoy es\nimprescindible la b\u00fasqueda de acuerdos en torno a los procesos que vienen y que\nnos aseguren enfrentar en Unidad la elecci\u00f3n de nuestros\/as representantes y consolidar\nun triunfo de cara a la elecci\u00f3n de constituyentes que nos permita la\nelaboraci\u00f3n de una Constituci\u00f3n que de respuesta a las demandas sociales y\nrefleje la diversidad cultural, social y pol\u00edtica actual. Ese \u00e9xito solo es\nposible y en t\u00e9rminos bien pr\u00e1cticos en un m\u00e1ximo de dos listas de candidatos y\ncandidatas a constituyentes donde deben caber todos y todas, para lograrlo se\nrequerir\u00e1 de mucha generosidad y amor por Chile. De conseguirlo, se cumplir\u00e1\ncon el sue\u00f1o de millones de chilenos y chilenas de tener una carta fundamental\nredactada en democracia y con contenidos acordes a ese valor, la primera\nescrita en igualdad por mujeres y hombres. A\u00fan estamos a tiempo de estar a la\naltura y cumplir con la historia.<\/p>\n","protected":false},"excerpt":{"rendered":"<p>Cuando los\/as chilenos y chilenas nos sentamos frente al televisor el 5 de septiembre de 1988 a mirar por primera vez la franja televisiva, nos encontramos con un mensaje lleno&#8230; <a class=\"read-more\" href=\"https:\/\/www.radiopresidenteibanez.cl\/web\/la-franja-por-nicolas-galvez-lopez\/\">Leer m\u00e1s<\/a><\/p>\n","protected":false},"author":2,"featured_media":15075,"comment_status":"closed","ping_status":"closed","sticky":false,"template":"","format":"standard","meta":{"footnotes":""},"categories":[1],"tags":[],"class_list":["post-15074","post","type-post","status-publish","format-standard","has-post-thumbnail","hentry","category-cronica"],"_links":{"self":[{"href":"https:\/\/www.radiopresidenteibanez.cl\/web\/wp-json\/wp\/v2\/posts\/15074","targetHints":{"allow":["GET"]}}],"collection":[{"href":"https:\/\/www.radiopresidenteibanez.cl\/web\/wp-json\/wp\/v2\/posts"}],"about":[{"href":"https:\/\/www.radiopresidenteibanez.cl\/web\/wp-json\/wp\/v2\/types\/post"}],"author":[{"embeddable":true,"href":"https:\/\/www.radiopresidenteibanez.cl\/web\/wp-json\/wp\/v2\/users\/2"}],"replies":[{"embeddable":true,"href":"https:\/\/www.radiopresidenteibanez.cl\/web\/wp-json\/wp\/v2\/comments?post=15074"}],"version-history":[{"count":0,"href":"https:\/\/www.radiopresidenteibanez.cl\/web\/wp-json\/wp\/v2\/posts\/15074\/revisions"}],"wp:featuredmedia":[{"embeddable":true,"href":"https:\/\/www.radiopresidenteibanez.cl\/web\/wp-json\/wp\/v2\/media\/15075"}],"wp:attachment":[{"href":"https:\/\/www.radiopresidenteibanez.cl\/web\/wp-json\/wp\/v2\/media?parent=15074"}],"wp:term":[{"taxonomy":"category","embeddable":true,"href":"https:\/\/www.radiopresidenteibanez.cl\/web\/wp-json\/wp\/v2\/categories?post=15074"},{"taxonomy":"post_tag","embeddable":true,"href":"https:\/\/www.radiopresidenteibanez.cl\/web\/wp-json\/wp\/v2\/tags?post=15074"}],"curies":[{"name":"wp","href":"https:\/\/api.w.org\/{rel}","templated":true}]}}