{"id":15071,"date":"2020-10-04T19:29:35","date_gmt":"2020-10-04T19:29:35","guid":{"rendered":"https:\/\/www.radiopresidenteibanez.cl\/web\/?p=15071"},"modified":"2020-10-04T19:29:40","modified_gmt":"2020-10-04T19:29:40","slug":"nuevo-vital-traslado-de-pacientes-criticos-covid-19-efectuo-la-fach-junto-a-equipo-medico-desde-punta-arenas-a-santiago","status":"publish","type":"post","link":"https:\/\/www.radiopresidenteibanez.cl\/web\/nuevo-vital-traslado-de-pacientes-criticos-covid-19-efectuo-la-fach-junto-a-equipo-medico-desde-punta-arenas-a-santiago\/","title":{"rendered":"NUEVO VITAL TRASLADO DE PACIENTES CR\u00cdTICOS COVID-19 EFECTU\u00d3 LA FACH JUNTO A EQUIPO M\u00c9DICO DESDE PUNTA ARENAS A SANTIAGO"},"content":{"rendered":"\n<p>A las 2:50 a.m. del domingo 4 de octubre, la Fuerza A\u00e9rea de Chile\n(Fach) finaliz\u00f3 con \u00e9xito el traslado de cuatro pacientes cr\u00edticos Covid-19 del\nHospital Cl\u00ednico Magallanes (HCM) a Santiago, arribando a la Base A\u00e9rea\nPudahuel en una aeronave C-130 H\u00e9rcules, habilitada especialmente para este\ntipo de misiones.<\/p>\n\n\n\n<p>Esta es una evacuaci\u00f3n aerom\u00e9dica de alta complejidad, desarrollada\ngracias a un trabajo de colaboraci\u00f3n entre los equipos m\u00e9dicos de la Fuerza\nA\u00e9rea y del Servicio de Atenci\u00f3n M\u00e9dica de Urgencias (SAMU), siendo la segunda\noperaci\u00f3n conjunta materializada para el traslado de pacientes altamente\ninfecciosos desde la Base A\u00e9rea Chabunco de Punta Arenas.<\/p>\n\n\n\n<p>El Jefe de la Escuadrilla de Redespliegue Sanitario Aerotransportable\nModular (ERSAM) de la Fach, Comandante de Escuadrilla (S) Gonzalo Su\u00e1rez,\nexplic\u00f3 que la aeronave es configurada como una Unidad de Cuidados Intensivos\n(UCI) en vuelo, contando con todo el equipamiento m\u00e9dico y personal sanitario\nnecesario para el traslado seguro de los pacientes.<\/p>\n\n\n\n<p>Por su parte, el Director del Hospital Cl\u00ednico Magallanes, Ricardo\nContreras, expres\u00f3 que este operativo \u00abes una coordinaci\u00f3n como red\nasistencial, que permite continuar con el tratamiento de los pacientes y\nmantener la disponibilidad de camas, ante un eventual ingreso a la unidad de\npacientes criticos\u00bb.<\/p>\n\n\n\n<p>Los pacientes fueron trasladados al Hospital del T\u00f3rax, al Hospital\nCl\u00ednico de la Fach y a la Cl\u00ednica Colonial, todos establecimientos de la Regi\u00f3n\nMetropolitana.<\/p>\n\n\n\n<p>A la fecha, la Fuerza A\u00e9rea de Chile ha materializado el traslado de 113\npacientes cr\u00edticos altamente infecciosos desde diferentes regiones del pa\u00eds,\ngracias a la polivalencia de su material a\u00e9reo y la preparaci\u00f3n del personal\ninstitucional del \u00e1rea de la salud, lo que ha permitido cumplir un vital apoyo\nfrente a la emergencia sanitaria.<\/p>\n\n\n\n<p>Los medios humanos y materiales de la Instituci\u00f3n se mantienen a\ndisposici\u00f3n del pa\u00eds, las 24 horas del d\u00eda, los siete d\u00edas de la semana, para\nir en ayuda de la comunidad.<\/p>\n","protected":false},"excerpt":{"rendered":"<p>A las 2:50 a.m. del domingo 4 de octubre, la Fuerza A\u00e9rea de Chile (Fach) finaliz\u00f3 con \u00e9xito el traslado de cuatro pacientes cr\u00edticos Covid-19 del Hospital Cl\u00ednico Magallanes (HCM)&#8230; <a class=\"read-more\" href=\"https:\/\/www.radiopresidenteibanez.cl\/web\/nuevo-vital-traslado-de-pacientes-criticos-covid-19-efectuo-la-fach-junto-a-equipo-medico-desde-punta-arenas-a-santiago\/\">Leer m\u00e1s<\/a><\/p>\n","protected":false},"author":2,"featured_media":15072,"comment_status":"closed","ping_status":"closed","sticky":false,"template":"","format":"standard","meta":{"footnotes":""},"categories":[1],"tags":[],"class_list":["post-15071","post","type-post","status-publish","format-standard","has-post-thumbnail","hentry","category-cronica"],"_links":{"self":[{"href":"https:\/\/www.radiopresidenteibanez.cl\/web\/wp-json\/wp\/v2\/posts\/15071","targetHints":{"allow":["GET"]}}],"collection":[{"href":"https:\/\/www.radiopresidenteibanez.cl\/web\/wp-json\/wp\/v2\/posts"}],"about":[{"href":"https:\/\/www.radiopresidenteibanez.cl\/web\/wp-json\/wp\/v2\/types\/post"}],"author":[{"embeddable":true,"href":"https:\/\/www.radiopresidenteibanez.cl\/web\/wp-json\/wp\/v2\/users\/2"}],"replies":[{"embeddable":true,"href":"https:\/\/www.radiopresidenteibanez.cl\/web\/wp-json\/wp\/v2\/comments?post=15071"}],"version-history":[{"count":0,"href":"https:\/\/www.radiopresidenteibanez.cl\/web\/wp-json\/wp\/v2\/posts\/15071\/revisions"}],"wp:featuredmedia":[{"embeddable":true,"href":"https:\/\/www.radiopresidenteibanez.cl\/web\/wp-json\/wp\/v2\/media\/15072"}],"wp:attachment":[{"href":"https:\/\/www.radiopresidenteibanez.cl\/web\/wp-json\/wp\/v2\/media?parent=15071"}],"wp:term":[{"taxonomy":"category","embeddable":true,"href":"https:\/\/www.radiopresidenteibanez.cl\/web\/wp-json\/wp\/v2\/categories?post=15071"},{"taxonomy":"post_tag","embeddable":true,"href":"https:\/\/www.radiopresidenteibanez.cl\/web\/wp-json\/wp\/v2\/tags?post=15071"}],"curies":[{"name":"wp","href":"https:\/\/api.w.org\/{rel}","templated":true}]}}