{"id":15068,"date":"2020-10-05T03:22:00","date_gmt":"2020-10-05T03:22:00","guid":{"rendered":"https:\/\/www.radiopresidenteibanez.cl\/web\/?p=15068"},"modified":"2020-10-04T19:26:30","modified_gmt":"2020-10-04T19:26:30","slug":"ante-preocupacion-por-alta-cantidad-de-contagios-de-trabajadores-sindicato-de-enap-tomo-contacto-con-directivos-de-codelco","status":"publish","type":"post","link":"https:\/\/www.radiopresidenteibanez.cl\/web\/ante-preocupacion-por-alta-cantidad-de-contagios-de-trabajadores-sindicato-de-enap-tomo-contacto-con-directivos-de-codelco\/","title":{"rendered":"ANTE PREOCUPACI\u00d3N POR ALTA CANTIDAD DE CONTAGIOS DE TRABAJADORES, SINDICATO DE ENAP TOMO CONTACTO CON DIRECTIVOS DE CODELCO"},"content":{"rendered":"\n<p>Ante esta\nalarmante cifra que nos ha llevado a detener los dos equipos de perforaciones y\nanteriormente hab\u00eda ocurrido algo similar con la Planta Cabo Negro y Planta\nPosesi\u00f3n, es que tomamos contacto con directivos y encargado de salud ya que\nCodelco paso una situaci\u00f3n de alto n\u00famero de trabajadores contagiados e incluso\ncon trabajadores fallecidos y que lograron minimizar y esa experiencia de\ncontrol era que nos interesaba conocer para poder aplicar en Enap.<\/p>\n\n\n\n<p>En dicha reuni\u00f3n estuvo presente el presidente de la Federaci\u00f3n de Codelco Patricio Elgueta, el encargado de salud Juan Marambio, se invit\u00f3 a participar al presidente de la Fenatrapech Nolberto Diaz y el dirigente y presidente del comit\u00e9 paritario del sindicato Aconcagua Juan Carmona.<\/p>\n\n\n\n<p>La\ndivisi\u00f3n Salvador tiene 5300 trabajadores entre propios y contratistas, entre\nlas medidas m\u00e1s importantes y les ha dado excelentes resultados medidas\nprecautorias anticipadamente como la vacunaci\u00f3n contra la influenza de todos\nlos trabajadores y trabajadoras, formaron un equipo de salud con apoyo de\npsic\u00f3logos, otras de las medidas fue armar un sitio aislado de la ciudad para\nque los trabajadores tanto con resultado covid-19 positivos y contactos\nestrechos no regresen a su hogar y pasen la cuarentena en ese lugar habilitado\npara ese efecto.<\/p>\n\n\n\n<p>Otras\nde las medidas mas importantes y con buen resultado y que logro bajar en forma\nsignificativa, fue la aplicaci\u00f3n del test r\u00e1pido ant\u00edgeno el cual se realiza un\nd\u00eda antes de que los trabajadores suba a faena y un d\u00eda antes de bajar, test\nque en 30 minutos tiene el resultado, as\u00ed se aseguran de que van sanos a sus\nhogares.<\/p>\n\n\n\n<p>Finalmente\nestamos seguros de que tomando esta experiencia de Codelco no solo con los\ntrabajadores de Enap, si no que todas las empresas se puede controlar los\ncontagios no solo de las empresas, ello adem\u00e1s ayudar\u00eda a controlar las cifras\nalarmantes de nuestra regi\u00f3n, termino se\u00f1alando el m\u00e1ximo l\u00edder de los\npetroleros. <\/p>\n","protected":false},"excerpt":{"rendered":"<p>Ante esta alarmante cifra que nos ha llevado a detener los dos equipos de perforaciones y anteriormente hab\u00eda ocurrido algo similar con la Planta Cabo Negro y Planta Posesi\u00f3n, es&#8230; <a class=\"read-more\" href=\"https:\/\/www.radiopresidenteibanez.cl\/web\/ante-preocupacion-por-alta-cantidad-de-contagios-de-trabajadores-sindicato-de-enap-tomo-contacto-con-directivos-de-codelco\/\">Leer m\u00e1s<\/a><\/p>\n","protected":false},"author":2,"featured_media":15069,"comment_status":"closed","ping_status":"closed","sticky":false,"template":"","format":"standard","meta":{"footnotes":""},"categories":[1],"tags":[],"class_list":["post-15068","post","type-post","status-publish","format-standard","has-post-thumbnail","hentry","category-cronica"],"_links":{"self":[{"href":"https:\/\/www.radiopresidenteibanez.cl\/web\/wp-json\/wp\/v2\/posts\/15068","targetHints":{"allow":["GET"]}}],"collection":[{"href":"https:\/\/www.radiopresidenteibanez.cl\/web\/wp-json\/wp\/v2\/posts"}],"about":[{"href":"https:\/\/www.radiopresidenteibanez.cl\/web\/wp-json\/wp\/v2\/types\/post"}],"author":[{"embeddable":true,"href":"https:\/\/www.radiopresidenteibanez.cl\/web\/wp-json\/wp\/v2\/users\/2"}],"replies":[{"embeddable":true,"href":"https:\/\/www.radiopresidenteibanez.cl\/web\/wp-json\/wp\/v2\/comments?post=15068"}],"version-history":[{"count":0,"href":"https:\/\/www.radiopresidenteibanez.cl\/web\/wp-json\/wp\/v2\/posts\/15068\/revisions"}],"wp:featuredmedia":[{"embeddable":true,"href":"https:\/\/www.radiopresidenteibanez.cl\/web\/wp-json\/wp\/v2\/media\/15069"}],"wp:attachment":[{"href":"https:\/\/www.radiopresidenteibanez.cl\/web\/wp-json\/wp\/v2\/media?parent=15068"}],"wp:term":[{"taxonomy":"category","embeddable":true,"href":"https:\/\/www.radiopresidenteibanez.cl\/web\/wp-json\/wp\/v2\/categories?post=15068"},{"taxonomy":"post_tag","embeddable":true,"href":"https:\/\/www.radiopresidenteibanez.cl\/web\/wp-json\/wp\/v2\/tags?post=15068"}],"curies":[{"name":"wp","href":"https:\/\/api.w.org\/{rel}","templated":true}]}}