{"id":15065,"date":"2020-10-05T03:19:00","date_gmt":"2020-10-05T03:19:00","guid":{"rendered":"https:\/\/www.radiopresidenteibanez.cl\/web\/?p=15065"},"modified":"2020-10-04T19:20:51","modified_gmt":"2020-10-04T19:20:51","slug":"alta-participacion-en-votacion-comunitaria-virtual-de-vecinos-de-loteo-del-mar","status":"publish","type":"post","link":"https:\/\/www.radiopresidenteibanez.cl\/web\/alta-participacion-en-votacion-comunitaria-virtual-de-vecinos-de-loteo-del-mar\/","title":{"rendered":"ALTA PARTICIPACI\u00d3N EN VOTACI\u00d3N COMUNITARIA VIRTUAL DE VECINOS DE LOTEO DEL MAR"},"content":{"rendered":"\n<p>Apoyar a los barrios vulnerables para que encuentren soluciones a los\nprincipales problemas que los afectan, con la participaci\u00f3n de los vecinos,\norganizaciones y comunidades, es el principal objetivo del programa Acci\u00f3n\nLocal que impulsa el Fondo de Solidaridad e Inversi\u00f3n Social, FOSIS, servicio\nrelacionado al Ministerio de Desarrollo Social y Familia, en el sector Loteo\ndel Mar.<\/p>\n\n\n\n<p>Luego de 8 meses de trabajo de un \u201cgrupo motor\u201d, conformado por 20 vecinas\ny vecinos del sector, que trabajaron apoyados por el equipo ejecutor de Educap\nLtda., se present\u00f3 un diagn\u00f3stico de las necesidades y las priorizaciones de\n\u00e9stas para ser financiada por el fondo del programa que asciende a 10 millones\nde pesos.<\/p>\n\n\n\n<p>El cierre perimetral de la sede social, implementaci\u00f3n de contenedores de\nreciclaje, talleres en diversos \u00e1mbitos para ni\u00f1os, j\u00f3venes y adultos, fueron\nparte de las alternativas que los vecinos debieron votar v\u00eda online el pasado\nfin de semana.<\/p>\n\n\n\n<p>La presidenta de la Junta de Vecinos Loteo del Mar, Claudia C\u00e1rdenas,\nexplic\u00f3 que \u201cesto fue todo un proceso que venimos trabajando con un equipo\nmotor para poder lograr el objetivo que para nosotros era el cierre perimetral\nde la sede social y que exitosamente gan\u00f3 durante las votaciones. La verdad\nten\u00edamos ciertas dudas si nos iba a resultar esta votaci\u00f3n virtual porque no\ntodo el mundo tiene acceso a internet o el manejo de las redes, pero en\nrealidad fue un \u00e9xito total\u201d.<\/p>\n\n\n\n<p>Con 339 votos v\u00e1lidamente emitidos, el resultado fue \u201camplio\u201d para\nconcretar el cierre perimetral de la sede social del sector. Cristina Lizondo,\nvecina e integrante del grupo motor se\u00f1al\u00f3 que \u201cesta iniciativa era un sue\u00f1o\nque despu\u00e9s de mucho tiempo se har\u00e1 realidad, y que beneficiar\u00e1 a todos los\nvecinos. Agradecemos a todos los que votaron, ya que fueron muchos los que\nparticiparon con gran entusiasmo y compromiso\u201d.<\/p>\n\n\n\n<p>El director regional del FOSIS, Hern\u00e1n Soto, felicit\u00f3 y agradeci\u00f3 la\nconfianza y participaci\u00f3n de los vecinos en un proceso electoral que tuvo\nobservadores de la poblaci\u00f3n, del ente ejecutor y del FOSIS, para velar por una\nvotaci\u00f3n transparente. \u201cEste ejercicio es el coraz\u00f3n de lo que busca este\nprograma, que es que los propios vecinos prioricen sus necesidades y luego\npuedan tomar decisiones responsables y validadas para mejorar el entorno de su\nterritorio. <\/p>\n\n\n\n<p>Por su parte, la Seremi de Desarrollo Social y Familia, Liz Casanueva,\nvalor\u00f3 esta iniciativa se\u00f1alando que \u201cel factor de participaci\u00f3n ciudadana que\ntiene este programa busca darles un car\u00e1cter protag\u00f3nico a los vecinos,\ninvolucr\u00e1ndolos en la detecci\u00f3n de sus problemas y en encontrar v\u00edas de\nsoluci\u00f3n. Esta es una buena en manera de dirigir los esfuerzos econ\u00f3micos que\nnuestro Gobierno ha implementado para apoyar a los barrios que presentan\ncontextos de vulnerabilidad\u201d.<\/p>\n\n\n\n<p>De acuerdo a la planificaci\u00f3n del\nproyecto, las obras deber\u00edan concretarse a fines del mes de noviembre del\npresente a\u00f1o.<\/p>\n","protected":false},"excerpt":{"rendered":"<p>Apoyar a los barrios vulnerables para que encuentren soluciones a los principales problemas que los afectan, con la participaci\u00f3n de los vecinos, organizaciones y comunidades, es el principal objetivo del&#8230; <a class=\"read-more\" href=\"https:\/\/www.radiopresidenteibanez.cl\/web\/alta-participacion-en-votacion-comunitaria-virtual-de-vecinos-de-loteo-del-mar\/\">Leer m\u00e1s<\/a><\/p>\n","protected":false},"author":2,"featured_media":15066,"comment_status":"closed","ping_status":"closed","sticky":false,"template":"","format":"standard","meta":{"footnotes":""},"categories":[1],"tags":[],"class_list":["post-15065","post","type-post","status-publish","format-standard","has-post-thumbnail","hentry","category-cronica"],"_links":{"self":[{"href":"https:\/\/www.radiopresidenteibanez.cl\/web\/wp-json\/wp\/v2\/posts\/15065","targetHints":{"allow":["GET"]}}],"collection":[{"href":"https:\/\/www.radiopresidenteibanez.cl\/web\/wp-json\/wp\/v2\/posts"}],"about":[{"href":"https:\/\/www.radiopresidenteibanez.cl\/web\/wp-json\/wp\/v2\/types\/post"}],"author":[{"embeddable":true,"href":"https:\/\/www.radiopresidenteibanez.cl\/web\/wp-json\/wp\/v2\/users\/2"}],"replies":[{"embeddable":true,"href":"https:\/\/www.radiopresidenteibanez.cl\/web\/wp-json\/wp\/v2\/comments?post=15065"}],"version-history":[{"count":0,"href":"https:\/\/www.radiopresidenteibanez.cl\/web\/wp-json\/wp\/v2\/posts\/15065\/revisions"}],"wp:featuredmedia":[{"embeddable":true,"href":"https:\/\/www.radiopresidenteibanez.cl\/web\/wp-json\/wp\/v2\/media\/15066"}],"wp:attachment":[{"href":"https:\/\/www.radiopresidenteibanez.cl\/web\/wp-json\/wp\/v2\/media?parent=15065"}],"wp:term":[{"taxonomy":"category","embeddable":true,"href":"https:\/\/www.radiopresidenteibanez.cl\/web\/wp-json\/wp\/v2\/categories?post=15065"},{"taxonomy":"post_tag","embeddable":true,"href":"https:\/\/www.radiopresidenteibanez.cl\/web\/wp-json\/wp\/v2\/tags?post=15065"}],"curies":[{"name":"wp","href":"https:\/\/api.w.org\/{rel}","templated":true}]}}