{"id":15063,"date":"2020-10-05T03:13:00","date_gmt":"2020-10-05T03:13:00","guid":{"rendered":"https:\/\/www.radiopresidenteibanez.cl\/web\/?p=15063"},"modified":"2020-10-04T19:16:19","modified_gmt":"2020-10-04T19:16:19","slug":"autoridad-laboral-lanza-boletin-del-adulto-mayor-con-datos-sobre-la-situacion-de-este-segmento-en-el-mercado-del-trabajo","status":"publish","type":"post","link":"https:\/\/www.radiopresidenteibanez.cl\/web\/autoridad-laboral-lanza-boletin-del-adulto-mayor-con-datos-sobre-la-situacion-de-este-segmento-en-el-mercado-del-trabajo\/","title":{"rendered":"AUTORIDAD LABORAL LANZA BOLET\u00cdN DEL ADULTO MAYOR CON DATOS SOBRE LA SITUACI\u00d3N DE ESTE SEGMENTO EN EL MERCADO DEL TRABAJO"},"content":{"rendered":"\n<p><em>En el marco\nde la conmemoraci\u00f3n del 30\u00b0 Aniversario del D\u00eda Internacional del Adulto Mayor,\nla autoridad laboral lanz\u00f3 el \u201cBolet\u00edn del Adulto Mayor\u201d, elaborado por el\nObservatorio Laboral de Magallanes (OLM) con el objetivo de aportar informaci\u00f3n\nrelevante sobre la situaci\u00f3n de los adultos mayores de la regi\u00f3n en el mercado\ndel trabajo.<\/em><em><\/em><\/p>\n\n\n\n<p><em>El documento\nbusca entregar informaci\u00f3n clara, representativa y <\/em>sintetizada de este grupo de la\npoblaci\u00f3n \u2013uno de los m\u00e1s golpeados, directa e indirectamente, por la pandemia-\ncon la finalidad de mejorar la calidad de vida de los adultos mayores de la\nzona.<\/p>\n\n\n\n<p>Es as\u00ed que, entre\nlos elementos relevantes del documento, se destaca que, en la actualidad, el\nporcentaje de adultos mayores que declaran estar trabajando es de un 19% del\ntotal de ocupados, frente a un 38% registrado en igual per\u00edodo del a\u00f1o 2019.<\/p>\n\n\n\n<p>En palabras de la\nSeremi del Trabajo, Victoria Cort\u00e9s, \u201cestamos dando a conocer este informe,\nelaborado por el OLM que, junto a otros insumos que hemos informado en estos\nd\u00edas, nos permite conocer, en este caso, la realidad laboral de los adultos\nmayores con que podremos impulsar nuevas iniciativas de acuerdo a sus\nnecesidades laborales. Aqu\u00ed el bolet\u00edn nos da cuenta de una tasa de ocupaci\u00f3n\nlaboral de adultos mayores que bordea el 24% para el per\u00edodo de abril a junio\nde este a\u00f1o versus un 39% para igual trimestre del 2019\u201d.<\/p>\n\n\n\n<p>\u201cEsto revela el\nfuerte impacto que ha tenido la crisis por Covid-19 en los adultos mayores,\nquienes, por encontrarse dentro del grupo de mayor riesgo frente a la pandemia,\nhan debido dejar de trabajar, lo cual ha significado un embate en t\u00e9rminos\necon\u00f3micos para ellos. Por lo mismo, el gobierno del Presidente Pi\u00f1era anunci\u00f3\nel Plan Envejecimiento Positivo que establece una serie de beneficios en\nt\u00e9rminos econ\u00f3micos para los adultos mayores\u201d, a\u00f1adi\u00f3 la secretaria regional.<\/p>\n\n\n\n<p>El director\nregional de Sence Magallanes, Enrique Hern\u00e1ndez, se refiri\u00f3 a este nuevo insumo\ndel OLM y explic\u00f3 algunas pol\u00edticas de empleabilidad dirigidas a este segmento\netario. \u201cEl bolet\u00edn tambi\u00e9n ofrece informaci\u00f3n sobre las inquietudes de los\nadultos mayores, el perfil laboral de este grupo, los rubros en los que est\u00e1n\ninsertos y las razones de su baja participaci\u00f3n laboral. Adem\u00e1s, destaca\nalgunas de las principales pol\u00edticas que tenemos ellos, como son los programas\n\u201cExperiencia Mayor\u201d, Capacitaci\u00f3n en oficios, Becas Laborales y cursos en l\u00ednea,\nque promueven la contrataci\u00f3n de personas mayores en las empresas\u201d, explic\u00f3.<\/p>\n\n\n\n<p><strong>Datos relevantes<\/strong><\/p>\n\n\n\n<p>La tasa de\nparticipaci\u00f3n de los adultos mayores en la regi\u00f3n alcanz\u00f3 un 24,2% para los\nmeses de abril a junio de 2020, frente a un 39,9% registrado en comparaci\u00f3n con\nel mismo per\u00edodo del a\u00f1o anterior.<\/p>\n\n\n\n<p>El 32% de los\nadultos mayores que trabajan corresponden a mujeres y un 68% a hombres. Un 66%\nde estos declararon ser sostenedores econ\u00f3micos de su hogar.<\/p>\n\n\n\n<p>Entre las\nocupaciones principales, los adultos mayores suelen incorporarse laboralmente\nen los sectores de Comercio, Construcci\u00f3n e Industria Manufacturera y de\nTransporte. Un 24% se emplear\u00eda como artesanos y trabajadores de oficios, un\n16% como operadores de maquinaria e instaladores y un 17% en labores no\ncalificadas. <\/p>\n\n\n\n<p>Para la\nelaboraci\u00f3n de este documento, desarrollado con el respaldo de Inacap Punta\nArenas y la Otic Sofofa, el Observatorio recurri\u00f3 al an\u00e1lisis de la Encuesta\nNacional de Empleo (ENE), la Encuesta de Caracterizaci\u00f3n Socioecon\u00f3mica\nNacional 2017 (CASEN) y el CENSO de Poblaci\u00f3n y Vivienda 2017, elaborados y\nadministrados por el Instituto Nacional de Estad\u00edsticas (INE), considerando\nprincipalmente el an\u00e1lisis del \u00faltimo trimestre m\u00f3vil abril-mayo-junio de 2020.<em><\/em><\/p>\n","protected":false},"excerpt":{"rendered":"<p>En el marco de la conmemoraci\u00f3n del 30\u00b0 Aniversario del D\u00eda Internacional del Adulto Mayor, la autoridad laboral lanz\u00f3 el \u201cBolet\u00edn del Adulto Mayor\u201d, elaborado por el Observatorio Laboral de&#8230; <a class=\"read-more\" href=\"https:\/\/www.radiopresidenteibanez.cl\/web\/autoridad-laboral-lanza-boletin-del-adulto-mayor-con-datos-sobre-la-situacion-de-este-segmento-en-el-mercado-del-trabajo\/\">Leer m\u00e1s<\/a><\/p>\n","protected":false},"author":2,"featured_media":11286,"comment_status":"closed","ping_status":"closed","sticky":false,"template":"","format":"standard","meta":{"footnotes":""},"categories":[1],"tags":[],"class_list":["post-15063","post","type-post","status-publish","format-standard","has-post-thumbnail","hentry","category-cronica"],"_links":{"self":[{"href":"https:\/\/www.radiopresidenteibanez.cl\/web\/wp-json\/wp\/v2\/posts\/15063","targetHints":{"allow":["GET"]}}],"collection":[{"href":"https:\/\/www.radiopresidenteibanez.cl\/web\/wp-json\/wp\/v2\/posts"}],"about":[{"href":"https:\/\/www.radiopresidenteibanez.cl\/web\/wp-json\/wp\/v2\/types\/post"}],"author":[{"embeddable":true,"href":"https:\/\/www.radiopresidenteibanez.cl\/web\/wp-json\/wp\/v2\/users\/2"}],"replies":[{"embeddable":true,"href":"https:\/\/www.radiopresidenteibanez.cl\/web\/wp-json\/wp\/v2\/comments?post=15063"}],"version-history":[{"count":0,"href":"https:\/\/www.radiopresidenteibanez.cl\/web\/wp-json\/wp\/v2\/posts\/15063\/revisions"}],"wp:featuredmedia":[{"embeddable":true,"href":"https:\/\/www.radiopresidenteibanez.cl\/web\/wp-json\/wp\/v2\/media\/11286"}],"wp:attachment":[{"href":"https:\/\/www.radiopresidenteibanez.cl\/web\/wp-json\/wp\/v2\/media?parent=15063"}],"wp:term":[{"taxonomy":"category","embeddable":true,"href":"https:\/\/www.radiopresidenteibanez.cl\/web\/wp-json\/wp\/v2\/categories?post=15063"},{"taxonomy":"post_tag","embeddable":true,"href":"https:\/\/www.radiopresidenteibanez.cl\/web\/wp-json\/wp\/v2\/tags?post=15063"}],"curies":[{"name":"wp","href":"https:\/\/api.w.org\/{rel}","templated":true}]}}