{"id":15061,"date":"2020-10-04T19:13:31","date_gmt":"2020-10-04T19:13:31","guid":{"rendered":"https:\/\/www.radiopresidenteibanez.cl\/web\/?p=15061"},"modified":"2020-10-04T19:13:35","modified_gmt":"2020-10-04T19:13:35","slug":"senadora-carolina-goic-anuncio-que-no-repostulara-al-cargo-debemos-abrir-espacios-a-nuevos-rostros-a-nuevas-ideas-y-a-nuevos-liderazgos-regionales","status":"publish","type":"post","link":"https:\/\/www.radiopresidenteibanez.cl\/web\/senadora-carolina-goic-anuncio-que-no-repostulara-al-cargo-debemos-abrir-espacios-a-nuevos-rostros-a-nuevas-ideas-y-a-nuevos-liderazgos-regionales\/","title":{"rendered":"SENADORA CAROLINA GOIC ANUNCI\u00d3 QUE NO REPOSTULAR\u00c1 AL CARGO: \u201cDEBEMOS ABRIR ESPACIOS A NUEVOS ROSTROS, A NUEVAS IDEAS Y A NUEVOS LIDERAZGOS REGIONALES\u201d"},"content":{"rendered":"\n<p>\u201cQuiero agradecer que me\nacompa\u00f1en en este momento tan importante en lo personal como tambi\u00e9n en mi carrera\npol\u00edtica. Hace 15 a\u00f1os con muchos de ustedes me reun\u00ed para comunicarles una\nnoticia, en donde le di a conocer que ser\u00eda candidata a diputada por mi regi\u00f3n.\nHoy por el respeto, el cari\u00f1o y al agradecimiento que siento por todos Ustedes\ny por miles de hombres y mujeres magall\u00e1nicas que me han apoyado durante estos\na\u00f1os, es que quiero compartir una informaci\u00f3n\u201d.<\/p>\n\n\n\n<p>\u201cLuego de una larga reflexi\u00f3n y\nan\u00e1lisis personal, familiar y pol\u00edtico, he decidido no repostularme al cargo de\nsenadora, pues creo firmemente en la renovaci\u00f3n de la pol\u00edtica, en donde asomen\nnuevos liderazgos, nuevas ideas, nuevos rostros, que trabajen por el futuro de\nMagallanes y su gente. Siempre he sido coherente en mis decisiones en pol\u00edtica,\njam\u00e1s he actuado con la calculadora en la mesa, he actuado apegada a la buena\npol\u00edtica y a la \u00e9tica\u201d.<\/p>\n\n\n\n<p>Con estas palabras en una reuni\u00f3n\nvirtual realizada durante la tarde de este viernes con dirigentes sociales de\njuntas de vecinos, clubes de adultos mayor, centro de madres, dirigentes\nsindicales, deportivos, culturales, representantes de los pueblos originarios,\nvecinos y vecinas de distintas comunas de la regi\u00f3n, la senadora magall\u00e1nica\nCarolina Goic comunic\u00f3 su decisi\u00f3n de no repostularse a la reelecci\u00f3n\nparlamentaria que se desarrollar\u00e1n en noviembre del a\u00f1o 2021.<\/p>\n\n\n\n<p>Durante el encuentro la senadora\nrealiz\u00f3 un balance de lo que fueron sus dos periodos como diputada y de los\nseis a\u00f1os y medio que lleva en el senado, \u201cen mi trabajo e historia\nlegislativa, quedar\u00e1n proyectos emblem\u00e1ticos que benefician a miles de chilenos\ny chilenas, como es la extensi\u00f3n del postnatal, la Ley Ricarte Soto y la\nreciente Ley Nacional del C\u00e1ncer, que sin duda fue una larga lucha que dimos\njunto la ciudadan\u00eda. Pero tambi\u00e9n quiero destacar el trabajo legislativo que\nhicimos en distintas \u00e1reas, como, por ejemplo, con las trabajadoras de casas\nparticular, con las manipuladoras de alimentos, con el cuidado del medio\nambiente y la naturaleza, con leyes en favor de las mujeres, de ni\u00f1os y ni\u00f1as,\nser\u00eda largo enumerar nuestra labor de todos estos a\u00f1os\u201d, agreg\u00f3.<\/p>\n\n\n\n<p>M\u00e1s adelante se\u00f1al\u00f3 que en plano\nregional, gracias a su gesti\u00f3n, hoy los recursos por concepto de la concesi\u00f3n\nde zona franca, ingresan a arcas regionales y que en la actualidad aportan\nanualmente m\u00e1s de 2 mil 600 millones de pesos. De igual forma, en la historia\nlegislativa quedar\u00e1 como la parlamentaria que logr\u00f3 la creaci\u00f3n del fondo\nsocial, que naci\u00f3 para apoyar a organizaciones de voluntariados y que hoy se\nextiende a la cultura, al deporte, a lo social y de seguridad ciudadana. \u201cEn el\na\u00f1o 2009, plante\u00e9 la necesidad de dotar a Magallanes de fibra \u00f3ptica a trav\u00e9s\nde nuestro territorio nacional, se me dijo que era un anuncio populista, pero\nsegu\u00ed dando la lucha, hoy ya es una realidad, pero la memoria es fr\u00e1gil y es\nbueno refrescarla\u201d, expres\u00f3.<\/p>\n\n\n\n<p>\u201cComo dice una frase de la\noraci\u00f3n por Magallanes, yo creo en Magallanes y creo en su gente, pero tambi\u00e9n\ncreo, que es tiempo de dar un paso para que ingresen nuevos actores a la\npol\u00edtica regional, basta de los mismos rostros, hay que abrir espacios a los\nque vendr\u00e1n despu\u00e9s, la ciudadan\u00eda ha dicho fin a eternizarse en el poder,\nnuestra regi\u00f3n necesita como dije al comienzo, nuevos liderazgos, nuevas ideas.\nCon humildad me voy orgullosa de haber sido la primera mujer magall\u00e1nica que\nlleg\u00f3 al Congreso Nacional, primero como diputada y luego como senadora,\nlogrando en todas las elecciones la primera mayor\u00eda regional, por eso les digo\na todos los magall\u00e1nicos y magall\u00e1nicas, gracias por ese respaldo ciudadano\u201d,\nconcluy\u00f3.<\/p>\n","protected":false},"excerpt":{"rendered":"<p>\u201cQuiero agradecer que me acompa\u00f1en en este momento tan importante en lo personal como tambi\u00e9n en mi carrera pol\u00edtica. Hace 15 a\u00f1os con muchos de ustedes me reun\u00ed para comunicarles&#8230; <a class=\"read-more\" href=\"https:\/\/www.radiopresidenteibanez.cl\/web\/senadora-carolina-goic-anuncio-que-no-repostulara-al-cargo-debemos-abrir-espacios-a-nuevos-rostros-a-nuevas-ideas-y-a-nuevos-liderazgos-regionales\/\">Leer m\u00e1s<\/a><\/p>\n","protected":false},"author":2,"featured_media":14155,"comment_status":"closed","ping_status":"closed","sticky":false,"template":"","format":"standard","meta":{"footnotes":""},"categories":[5],"tags":[],"class_list":["post-15061","post","type-post","status-publish","format-standard","has-post-thumbnail","hentry","category-politica"],"_links":{"self":[{"href":"https:\/\/www.radiopresidenteibanez.cl\/web\/wp-json\/wp\/v2\/posts\/15061","targetHints":{"allow":["GET"]}}],"collection":[{"href":"https:\/\/www.radiopresidenteibanez.cl\/web\/wp-json\/wp\/v2\/posts"}],"about":[{"href":"https:\/\/www.radiopresidenteibanez.cl\/web\/wp-json\/wp\/v2\/types\/post"}],"author":[{"embeddable":true,"href":"https:\/\/www.radiopresidenteibanez.cl\/web\/wp-json\/wp\/v2\/users\/2"}],"replies":[{"embeddable":true,"href":"https:\/\/www.radiopresidenteibanez.cl\/web\/wp-json\/wp\/v2\/comments?post=15061"}],"version-history":[{"count":0,"href":"https:\/\/www.radiopresidenteibanez.cl\/web\/wp-json\/wp\/v2\/posts\/15061\/revisions"}],"wp:featuredmedia":[{"embeddable":true,"href":"https:\/\/www.radiopresidenteibanez.cl\/web\/wp-json\/wp\/v2\/media\/14155"}],"wp:attachment":[{"href":"https:\/\/www.radiopresidenteibanez.cl\/web\/wp-json\/wp\/v2\/media?parent=15061"}],"wp:term":[{"taxonomy":"category","embeddable":true,"href":"https:\/\/www.radiopresidenteibanez.cl\/web\/wp-json\/wp\/v2\/categories?post=15061"},{"taxonomy":"post_tag","embeddable":true,"href":"https:\/\/www.radiopresidenteibanez.cl\/web\/wp-json\/wp\/v2\/tags?post=15061"}],"curies":[{"name":"wp","href":"https:\/\/api.w.org\/{rel}","templated":true}]}}